{"id":31402,"date":"2024-11-13T05:55:00","date_gmt":"2024-11-13T11:55:00","guid":{"rendered":"https:\/\/gerardoduque.com.mx\/?p=31402"},"modified":"2024-11-12T20:58:46","modified_gmt":"2024-11-13T02:58:46","slug":"preparan-operativo-por-el-buen-fin","status":"publish","type":"post","link":"https:\/\/gerardoduque.com.mx\/?p=31402","title":{"rendered":"PREPARAN OPERATIVO POR EL BUEN FIN"},"content":{"rendered":"\n<p>La Coordinaci\u00f3n Estatal de Protecci\u00f3n Civil, en coordinaci\u00f3n con autoridades de los 59 municipios, la Guardia Civil Estatal y la Guardia Nacional, implementar\u00e1 un operativo de vigilancia en centros y zonas comerciales, por el Buen Fin que se llevar\u00e1 a cabo del 15 al 18 de noviembre, en apoyo a los potosinos que participar\u00e1n en el evento comercial que realizan para reactivar la econom\u00eda e incentivar el consumo.<\/p>\n\n\n\n<p>La dependencia dispondr\u00e1 de 100 personas que realizar\u00e1n rondines en los centros comerciales y tiendas donde esperan una gran afluencia de personas que acudir\u00e1n a realizar sus compras, con la finalidad de prevenir riegos y proteger a los consumidores.<\/p>\n\n\n\n<p>Como parte de las acciones preventivas, la dependencia revisa que las tiendas y comercios cuenten con sus programas internos de protecci\u00f3n civil, salidas de emergencia, extintores en lugares estrat\u00e9gicos, se\u00f1al\u00e9tica, puntos de reuni\u00f3n y que est\u00e9n integradas brigadas de auxilio, con la finalidad de responder de manera oportuna y brindar atenci\u00f3n a las personas en caso de una contingencia.<\/p>\n","protected":false},"excerpt":{"rendered":"<p>Protecci\u00f3n Civil Estatal trabajar\u00e1 con municipios y autoridades de seguridad p\u00fablica con el fin de fortalecer la prevenci\u00f3n.<\/p>\n","protected":false},"author":4,"featured_media":31403,"comment_status":"closed","ping_status":"closed","sticky":false,"template":"","format":"standard","meta":{"_et_pb_use_builder":"off","_et_pb_old_content":"","_et_gb_content_width":"","footnotes":""},"categories":[280],"tags":[190,72,66],"class_list":["post-31402","post","type-post","status-publish","format-standard","has-post-thumbnail","hentry","category-gob-slp","tag-cepc","tag-gobierno-del-estado","tag-san-luis-potosi"],"_links":{"self":[{"href":"https:\/\/gerardoduque.com.mx\/index.php?rest_route=\/wp\/v2\/posts\/31402","targetHints":{"allow":["GET"]}}],"collection":[{"href":"https:\/\/gerardoduque.com.mx\/index.php?rest_route=\/wp\/v2\/posts"}],"about":[{"href":"https:\/\/gerardoduque.com.mx\/index.php?rest_route=\/wp\/v2\/types\/post"}],"author":[{"embeddable":true,"href":"https:\/\/gerardoduque.com.mx\/index.php?rest_route=\/wp\/v2\/users\/4"}],"replies":[{"embeddable":true,"href":"https:\/\/gerardoduque.com.mx\/index.php?rest_route=%2Fwp%2Fv2%2Fcomments&post=31402"}],"version-history":[{"count":0,"href":"https:\/\/gerardoduque.com.mx\/index.php?rest_route=\/wp\/v2\/posts\/31402\/revisions"}],"wp:featuredmedia":[{"embeddable":true,"href":"https:\/\/gerardoduque.com.mx\/index.php?rest_route=\/wp\/v2\/media\/31403"}],"wp:attachment":[{"href":"https:\/\/gerardoduque.com.mx\/index.php?rest_route=%2Fwp%2Fv2%2Fmedia&parent=31402"}],"wp:term":[{"taxonomy":"category","embeddable":true,"href":"https:\/\/gerardoduque.com.mx\/index.php?rest_route=%2Fwp%2Fv2%2Fcategories&post=31402"},{"taxonomy":"post_tag","embeddable":true,"href":"https:\/\/gerardoduque.com.mx\/index.php?rest_route=%2Fwp%2Fv2%2Ftags&post=31402"}],"curies":[{"name":"wp","href":"https:\/\/api.w.org\/{rel}","templated":true}]}}