{"id":31392,"date":"2024-11-12T10:42:33","date_gmt":"2024-11-12T16:42:33","guid":{"rendered":"https:\/\/gerardoduque.com.mx\/?p=31392"},"modified":"2024-11-12T10:42:36","modified_gmt":"2024-11-12T16:42:36","slug":"refrendan-colaboracion-en-materia-de-seguridad-entre-el-estado-y-la-federacion","status":"publish","type":"post","link":"https:\/\/gerardoduque.com.mx\/?p=31392","title":{"rendered":"REFRENDAN COLABORACI\u00d3N EN MATERIA DE SEGURIDAD ENTRE EL ESTADO Y LA FEDERACI\u00d3N"},"content":{"rendered":"\n<p>El Gobierno del Estado refrend\u00f3 su compromiso de colaboraci\u00f3n ante los cambios que el Gobierno de M\u00e9xico, que encabeza la presidenta Claudia Sheinbaum Pardo, aplique en la pol\u00edtica de seguridad p\u00fablica al garantizar la coordinaci\u00f3n eficaz en los 59 municipios potosinos.<\/p>\n\n\n\n<p>Esto lo asegur\u00f3 el secretario general de Gobierno, J. Guadalupe Torres S\u00e1nchez, quien record\u00f3 que, en la Mesa de Coordinaci\u00f3n para la construcci\u00f3n de la Paz Social, analizaron los cuatro ejes de la estrategia de seguridad federal, y acordaron apertura ante cualquier solicitud de ajuste en el Estado para adoptar un modelo similar, con la finalidad de planificar y coordinarse con la Federaci\u00f3n y los 59 ayuntamientos y tener mejores resultados.<\/p>\n\n\n\n<p>Respecto a las tareas en gobernabilidad, el funcionario estatal explic\u00f3 que la paz social es uno de los objetivos m\u00e1s claros que definen las acciones en materia de seguridad p\u00fablica, sobre todo en fortalecer la prevenci\u00f3n y proximidad social, mantener y mejorar el di\u00e1logo con autoridades y con los sectores sociales, porque esta es una responsabilidad compartida.<\/p>\n","protected":false},"excerpt":{"rendered":"<p>Se pretendeaplicar la pol\u00edtica de seguridad p\u00fablica y garantizar la coordinaci\u00f3n en los 59 municipios potosinos.<\/p>\n","protected":false},"author":4,"featured_media":15206,"comment_status":"closed","ping_status":"closed","sticky":false,"template":"","format":"standard","meta":{"_et_pb_use_builder":"off","_et_pb_old_content":"","_et_gb_content_width":"","footnotes":""},"categories":[280],"tags":[72,66,213],"class_list":["post-31392","post","type-post","status-publish","format-standard","has-post-thumbnail","hentry","category-gob-slp","tag-gobierno-del-estado","tag-san-luis-potosi","tag-seguridad"],"_links":{"self":[{"href":"https:\/\/gerardoduque.com.mx\/index.php?rest_route=\/wp\/v2\/posts\/31392","targetHints":{"allow":["GET"]}}],"collection":[{"href":"https:\/\/gerardoduque.com.mx\/index.php?rest_route=\/wp\/v2\/posts"}],"about":[{"href":"https:\/\/gerardoduque.com.mx\/index.php?rest_route=\/wp\/v2\/types\/post"}],"author":[{"embeddable":true,"href":"https:\/\/gerardoduque.com.mx\/index.php?rest_route=\/wp\/v2\/users\/4"}],"replies":[{"embeddable":true,"href":"https:\/\/gerardoduque.com.mx\/index.php?rest_route=%2Fwp%2Fv2%2Fcomments&post=31392"}],"version-history":[{"count":0,"href":"https:\/\/gerardoduque.com.mx\/index.php?rest_route=\/wp\/v2\/posts\/31392\/revisions"}],"wp:featuredmedia":[{"embeddable":true,"href":"https:\/\/gerardoduque.com.mx\/index.php?rest_route=\/wp\/v2\/media\/15206"}],"wp:attachment":[{"href":"https:\/\/gerardoduque.com.mx\/index.php?rest_route=%2Fwp%2Fv2%2Fmedia&parent=31392"}],"wp:term":[{"taxonomy":"category","embeddable":true,"href":"https:\/\/gerardoduque.com.mx\/index.php?rest_route=%2Fwp%2Fv2%2Fcategories&post=31392"},{"taxonomy":"post_tag","embeddable":true,"href":"https:\/\/gerardoduque.com.mx\/index.php?rest_route=%2Fwp%2Fv2%2Ftags&post=31392"}],"curies":[{"name":"wp","href":"https:\/\/api.w.org\/{rel}","templated":true}]}}