{"id":31369,"date":"2024-11-12T06:19:54","date_gmt":"2024-11-12T12:19:54","guid":{"rendered":"https:\/\/gerardoduque.com.mx\/?p=31369"},"modified":"2024-11-12T06:19:57","modified_gmt":"2024-11-12T12:19:57","slug":"realizan-trabajos-de-limpieza-en-rio-espanita","status":"publish","type":"post","link":"https:\/\/gerardoduque.com.mx\/?p=31369","title":{"rendered":"REALIZAN TRABAJOS DE LIMPIEZA EN R\u00cdO ESPA\u00d1ITA"},"content":{"rendered":"\n<p>La Junta Estatal de Caminos inici\u00f3 la primera etapa de limpieza en el r\u00edo Espa\u00f1ita, en un estimado de 860 metros lineales, que incluye el retiro de maleza que impide el flujo natural del agua, en apoyo a las familias de la zona, evitando estancamiento, contaminaci\u00f3n y posibles problemas de salud.<\/p>\n\n\n\n<p>Al contribuir con la limpieza de la zona en el sur de la zona metropolitana, a la altura del bulevar San Luis, se busca prevenir situaciones que afecten a las viviendas, como criaderos de insectos como mosquitos y contaminaci\u00f3n.<\/p>\n\n\n\n<p>La dependencia expres\u00f3 que se analiza la implementaci\u00f3n de otras etapas de trabajo para cubrir los seis kil\u00f3metros que comprende el r\u00edo de forma coordinada, buscando que el \u00e1rea de taludes y laderos del canal quede liberada de hierba y deshechos, usando maquinaria pesada y un mecanismo eficiente de desazolve.<\/p>\n\n\n\n<p>El material que provoca los estancamientos ser\u00e1 retirado y trasladado al banco de confinamiento \u201cSanta Rita\u201d, buscando que los desechos salgan del \u00e1rea y evitar que regresen al r\u00edo, lo que garantiza que el flujo en este r\u00edo sea m\u00e1s eficiente.<\/p>\n","protected":false},"excerpt":{"rendered":"<p>Retiran maleza que impide flujo natural del agua en el r\u00edo Espa\u00f1ita.<\/p>\n","protected":false},"author":4,"featured_media":31370,"comment_status":"closed","ping_status":"closed","sticky":false,"template":"","format":"standard","meta":{"_et_pb_use_builder":"off","_et_pb_old_content":"","_et_gb_content_width":"","footnotes":""},"categories":[280],"tags":[72,276,66],"class_list":["post-31369","post","type-post","status-publish","format-standard","has-post-thumbnail","hentry","category-gob-slp","tag-gobierno-del-estado","tag-jec","tag-san-luis-potosi"],"_links":{"self":[{"href":"https:\/\/gerardoduque.com.mx\/index.php?rest_route=\/wp\/v2\/posts\/31369","targetHints":{"allow":["GET"]}}],"collection":[{"href":"https:\/\/gerardoduque.com.mx\/index.php?rest_route=\/wp\/v2\/posts"}],"about":[{"href":"https:\/\/gerardoduque.com.mx\/index.php?rest_route=\/wp\/v2\/types\/post"}],"author":[{"embeddable":true,"href":"https:\/\/gerardoduque.com.mx\/index.php?rest_route=\/wp\/v2\/users\/4"}],"replies":[{"embeddable":true,"href":"https:\/\/gerardoduque.com.mx\/index.php?rest_route=%2Fwp%2Fv2%2Fcomments&post=31369"}],"version-history":[{"count":0,"href":"https:\/\/gerardoduque.com.mx\/index.php?rest_route=\/wp\/v2\/posts\/31369\/revisions"}],"wp:featuredmedia":[{"embeddable":true,"href":"https:\/\/gerardoduque.com.mx\/index.php?rest_route=\/wp\/v2\/media\/31370"}],"wp:attachment":[{"href":"https:\/\/gerardoduque.com.mx\/index.php?rest_route=%2Fwp%2Fv2%2Fmedia&parent=31369"}],"wp:term":[{"taxonomy":"category","embeddable":true,"href":"https:\/\/gerardoduque.com.mx\/index.php?rest_route=%2Fwp%2Fv2%2Fcategories&post=31369"},{"taxonomy":"post_tag","embeddable":true,"href":"https:\/\/gerardoduque.com.mx\/index.php?rest_route=%2Fwp%2Fv2%2Ftags&post=31369"}],"curies":[{"name":"wp","href":"https:\/\/api.w.org\/{rel}","templated":true}]}}