{"id":31361,"date":"2024-11-11T05:36:00","date_gmt":"2024-11-11T11:36:00","guid":{"rendered":"https:\/\/gerardoduque.com.mx\/?p=31361"},"modified":"2024-11-10T21:39:29","modified_gmt":"2024-11-11T03:39:29","slug":"ofrecen-capacitaciones-a-personal-del-estado","status":"publish","type":"post","link":"https:\/\/gerardoduque.com.mx\/?p=31361","title":{"rendered":"OFRECEN CAPACITACIONES A PERSONAL DEL ESTADO"},"content":{"rendered":"\n<p>La Oficial\u00eda Mayor a trav\u00e9s de la Subdirecci\u00f3n de Desarrollo Humano, invita a los servidores p\u00fablicos de la administraci\u00f3n estatal al curso \u201cLa imagen de las personas servidoras p\u00fablicas\u201d, que se llevar\u00e1 a cabo a partir del 11 al 15 de noviembre.<\/p>\n\n\n\n<p>Los interesados pueden registrarse a trav\u00e9s de la siguiente liga: https:\/\/forms.gle\/fGwXUFYd41VFh3zRA o al tel\u00e9fono 444 817 3949. El curso se desarrollar\u00e1 de 17:00 a 19:00 horas y estar\u00e1 limitado a 45 participantes, de acuerdo con el orden de registro.<\/p>\n\n\n\n<p>Durante el desarrollo de la capacitaci\u00f3n, los participantes podr\u00e1n conocer c\u00f3mo la imagen de un servidor p\u00fablico puede influir en la confianza de la sociedad en las instituciones gubernamentales.<\/p>\n","protected":false},"excerpt":{"rendered":"<p>Se impartir\u00e1 el curso \u201cLa imagen de las personas servidoras p\u00fablicas\u201d, del 11 al 15 de noviembre.<\/p>\n","protected":false},"author":4,"featured_media":31362,"comment_status":"closed","ping_status":"closed","sticky":false,"template":"","format":"standard","meta":{"_et_pb_use_builder":"off","_et_pb_old_content":"","_et_gb_content_width":"","footnotes":""},"categories":[280],"tags":[72,289,66],"class_list":["post-31361","post","type-post","status-publish","format-standard","has-post-thumbnail","hentry","category-gob-slp","tag-gobierno-del-estado","tag-oficialia-mayor","tag-san-luis-potosi"],"_links":{"self":[{"href":"https:\/\/gerardoduque.com.mx\/index.php?rest_route=\/wp\/v2\/posts\/31361","targetHints":{"allow":["GET"]}}],"collection":[{"href":"https:\/\/gerardoduque.com.mx\/index.php?rest_route=\/wp\/v2\/posts"}],"about":[{"href":"https:\/\/gerardoduque.com.mx\/index.php?rest_route=\/wp\/v2\/types\/post"}],"author":[{"embeddable":true,"href":"https:\/\/gerardoduque.com.mx\/index.php?rest_route=\/wp\/v2\/users\/4"}],"replies":[{"embeddable":true,"href":"https:\/\/gerardoduque.com.mx\/index.php?rest_route=%2Fwp%2Fv2%2Fcomments&post=31361"}],"version-history":[{"count":0,"href":"https:\/\/gerardoduque.com.mx\/index.php?rest_route=\/wp\/v2\/posts\/31361\/revisions"}],"wp:featuredmedia":[{"embeddable":true,"href":"https:\/\/gerardoduque.com.mx\/index.php?rest_route=\/wp\/v2\/media\/31362"}],"wp:attachment":[{"href":"https:\/\/gerardoduque.com.mx\/index.php?rest_route=%2Fwp%2Fv2%2Fmedia&parent=31361"}],"wp:term":[{"taxonomy":"category","embeddable":true,"href":"https:\/\/gerardoduque.com.mx\/index.php?rest_route=%2Fwp%2Fv2%2Fcategories&post=31361"},{"taxonomy":"post_tag","embeddable":true,"href":"https:\/\/gerardoduque.com.mx\/index.php?rest_route=%2Fwp%2Fv2%2Ftags&post=31361"}],"curies":[{"name":"wp","href":"https:\/\/api.w.org\/{rel}","templated":true}]}}