{"id":31355,"date":"2024-11-11T05:25:00","date_gmt":"2024-11-11T11:25:00","guid":{"rendered":"https:\/\/gerardoduque.com.mx\/?p=31355"},"modified":"2024-11-10T21:32:39","modified_gmt":"2024-11-11T03:32:39","slug":"promoveran-capacitacion-de-transportistas-de-slp","status":"publish","type":"post","link":"https:\/\/gerardoduque.com.mx\/?p=31355","title":{"rendered":"PROMOVER\u00c1N CAPACITACI\u00d3N DE TRANSPORTISTAS DE SLP"},"content":{"rendered":"\n<p>El Instituto de Capacitaci\u00f3n para el Trabajo del Estado y la C\u00e1mara Nacional de Autotransporte de Carga firmaron un convenio de colaboraci\u00f3n para impulsarla capacitaciones a transportistas a fin de que puedan acceder a mejores oportunidades laborales y mejoren su calidad de vida.<\/p>\n\n\n\n<p>La firma de dicho convenio representa la disposici\u00f3n de trabajar en equipo para atender algo de vital importancia como lo es el contar con la mano de obra calificada siendo garant\u00eda del desarrollo econ\u00f3mico del pa\u00eds, los estados y cada una de las familias.<\/p>\n\n\n\n<p>Tanto el Icat como la Canacar trabajar\u00e1n a la par de acuerdo con su capacidad y log\u00edstica desarrollando eventos, conferencias, programas, cursos y actividades de capacitaci\u00f3n t\u00e9cnica y te\u00f3rica en diversas \u00e1reas del sector del autotransporte de carga y log\u00edstica. Esto sumado a la certificaci\u00f3n de personas en est\u00e1ndares de competencias laborales acreditados como entidad de certificaci\u00f3n y evaluaci\u00f3n del Sistema Nacional de CONOCER, con validez oficial nacional e internacional.<\/p>\n","protected":false},"excerpt":{"rendered":"<p>El Icat y la Canacar firmaron un convenio de colaboraci\u00f3n <\/p>\n","protected":false},"author":4,"featured_media":31356,"comment_status":"closed","ping_status":"closed","sticky":false,"template":"","format":"standard","meta":{"_et_pb_use_builder":"off","_et_pb_old_content":"","_et_gb_content_width":"","footnotes":""},"categories":[280],"tags":[72,281,66],"class_list":["post-31355","post","type-post","status-publish","format-standard","has-post-thumbnail","hentry","category-gob-slp","tag-gobierno-del-estado","tag-icat","tag-san-luis-potosi"],"_links":{"self":[{"href":"https:\/\/gerardoduque.com.mx\/index.php?rest_route=\/wp\/v2\/posts\/31355","targetHints":{"allow":["GET"]}}],"collection":[{"href":"https:\/\/gerardoduque.com.mx\/index.php?rest_route=\/wp\/v2\/posts"}],"about":[{"href":"https:\/\/gerardoduque.com.mx\/index.php?rest_route=\/wp\/v2\/types\/post"}],"author":[{"embeddable":true,"href":"https:\/\/gerardoduque.com.mx\/index.php?rest_route=\/wp\/v2\/users\/4"}],"replies":[{"embeddable":true,"href":"https:\/\/gerardoduque.com.mx\/index.php?rest_route=%2Fwp%2Fv2%2Fcomments&post=31355"}],"version-history":[{"count":0,"href":"https:\/\/gerardoduque.com.mx\/index.php?rest_route=\/wp\/v2\/posts\/31355\/revisions"}],"wp:featuredmedia":[{"embeddable":true,"href":"https:\/\/gerardoduque.com.mx\/index.php?rest_route=\/wp\/v2\/media\/31356"}],"wp:attachment":[{"href":"https:\/\/gerardoduque.com.mx\/index.php?rest_route=%2Fwp%2Fv2%2Fmedia&parent=31355"}],"wp:term":[{"taxonomy":"category","embeddable":true,"href":"https:\/\/gerardoduque.com.mx\/index.php?rest_route=%2Fwp%2Fv2%2Fcategories&post=31355"},{"taxonomy":"post_tag","embeddable":true,"href":"https:\/\/gerardoduque.com.mx\/index.php?rest_route=%2Fwp%2Fv2%2Ftags&post=31355"}],"curies":[{"name":"wp","href":"https:\/\/api.w.org\/{rel}","templated":true}]}}