{"id":31352,"date":"2024-11-11T05:22:00","date_gmt":"2024-11-11T11:22:00","guid":{"rendered":"https:\/\/gerardoduque.com.mx\/?p=31352"},"modified":"2024-11-10T21:25:05","modified_gmt":"2024-11-11T03:25:05","slug":"capacitan-a-ayuntamientos-en-atencion-a-personas-con-discapacidad","status":"publish","type":"post","link":"https:\/\/gerardoduque.com.mx\/?p=31352","title":{"rendered":"CAPACITAN A AYUNTAMIENTOS EN ATENCI\u00d3N A PERSONAS CON DISCAPACIDAD"},"content":{"rendered":"\n<p>El Sistema Estatal para el Desarrollo Integral de la Familia a trav\u00e9s del Centro de Rehabilitaci\u00f3n y Educaci\u00f3n Especial realiz\u00f3 capacit\u00f3 a las Unidades B\u00e1sicas de Rehabilitaci\u00f3n de los municipios sobre el derecho a un trato digno a las personas con discapacidad.<\/p>\n\n\n\n<p>El objetivo del curso es implementar planes de trabajo innovador y estandarizado con cada administraci\u00f3n municipal, generando pol\u00edticas que propicien una mejor atenci\u00f3n en apoyo a las personas con discapacidad en todos los \u00e1mbitos.<\/p>\n\n\n\n<p>Aspectos tales como la colaboraci\u00f3n institucional, un trato digno y humano, la atenci\u00f3n especializada, la orientaci\u00f3n de familia y los apoyos funcionales adecuados son pieza clave para que las personas con discapacidad accedan a mejores condiciones de vida y bienestar tal como se merecen.<\/p>\n","protected":false},"excerpt":{"rendered":"<p>Personal de las Unidades B\u00e1sicas de Rehabilitaci\u00f3n conoci\u00f3 las l\u00edneas de acci\u00f3n para garantizar un mejor servicio <\/p>\n","protected":false},"author":4,"featured_media":31353,"comment_status":"closed","ping_status":"closed","sticky":false,"template":"","format":"standard","meta":{"_et_pb_use_builder":"off","_et_pb_old_content":"","_et_gb_content_width":"","footnotes":""},"categories":[280],"tags":[180,72,66],"class_list":["post-31352","post","type-post","status-publish","format-standard","has-post-thumbnail","hentry","category-gob-slp","tag-dif-estatal","tag-gobierno-del-estado","tag-san-luis-potosi"],"_links":{"self":[{"href":"https:\/\/gerardoduque.com.mx\/index.php?rest_route=\/wp\/v2\/posts\/31352","targetHints":{"allow":["GET"]}}],"collection":[{"href":"https:\/\/gerardoduque.com.mx\/index.php?rest_route=\/wp\/v2\/posts"}],"about":[{"href":"https:\/\/gerardoduque.com.mx\/index.php?rest_route=\/wp\/v2\/types\/post"}],"author":[{"embeddable":true,"href":"https:\/\/gerardoduque.com.mx\/index.php?rest_route=\/wp\/v2\/users\/4"}],"replies":[{"embeddable":true,"href":"https:\/\/gerardoduque.com.mx\/index.php?rest_route=%2Fwp%2Fv2%2Fcomments&post=31352"}],"version-history":[{"count":0,"href":"https:\/\/gerardoduque.com.mx\/index.php?rest_route=\/wp\/v2\/posts\/31352\/revisions"}],"wp:featuredmedia":[{"embeddable":true,"href":"https:\/\/gerardoduque.com.mx\/index.php?rest_route=\/wp\/v2\/media\/31353"}],"wp:attachment":[{"href":"https:\/\/gerardoduque.com.mx\/index.php?rest_route=%2Fwp%2Fv2%2Fmedia&parent=31352"}],"wp:term":[{"taxonomy":"category","embeddable":true,"href":"https:\/\/gerardoduque.com.mx\/index.php?rest_route=%2Fwp%2Fv2%2Fcategories&post=31352"},{"taxonomy":"post_tag","embeddable":true,"href":"https:\/\/gerardoduque.com.mx\/index.php?rest_route=%2Fwp%2Fv2%2Ftags&post=31352"}],"curies":[{"name":"wp","href":"https:\/\/api.w.org\/{rel}","templated":true}]}}