{"id":31349,"date":"2024-11-11T05:17:00","date_gmt":"2024-11-11T11:17:00","guid":{"rendered":"https:\/\/gerardoduque.com.mx\/?p=31349"},"modified":"2024-11-10T21:22:06","modified_gmt":"2024-11-11T03:22:06","slug":"coneval-elige-a-slp-como-piloto-para-indice-de-evaluacion","status":"publish","type":"post","link":"https:\/\/gerardoduque.com.mx\/?p=31349","title":{"rendered":"CONEVAL ELIGE A SLP COMO PILOTO PARA \u00cdNDICE DE EVALUACI\u00d3N"},"content":{"rendered":"\n<p>El Consejo Nacional de Evaluaci\u00f3n de la Pol\u00edtica de Desarrollo Social design\u00f3 al Estado de San Luis Potos\u00ed como una de las seis entidades piloto, de un nuevo \u00cdndice de Monitoreo y Evaluaci\u00f3n que implementar\u00e1.<\/p>\n\n\n\n<p>Durante el primer semestre del 2025, el Coneval llevar\u00e1 a cabo esta din\u00e1mica, con la que medir\u00e1 la disponibilidad, accesibilidad y calidad de la informaci\u00f3n en los sistemas de monitoreo y evaluaci\u00f3n en cada entidad federativa, tras revelar que el 11 de noviembre sostendr\u00e1 un encuentro donde definir\u00e1n los mecanismos del nuevo sistema con la participaci\u00f3n de la totalidad de la administraci\u00f3n p\u00fablica.<\/p>\n\n\n\n<p>En el marco del \u201cSeminario de pobreza, monitoreo y evaluaci\u00f3n 2024\u201d, en la Ciudad de M\u00e9xico, con la presencia de funcionarios p\u00fablicos de las 32 entidades federativas, el coordinador general de Monitoreo, Entidades Federativas y Fortalecimiento Institucional, present\u00f3 los lineamientos del nuevo \u00edndice.<\/p>\n\n\n\n<p>En el seminario participaron funcionarios de la Direcci\u00f3n General de Planeaci\u00f3n y Presupuesto de la Sefin, junto a personas expertas nacionales e internacionales, que abordaron los avances en monitoreo y evaluaci\u00f3n para mejorar las pol\u00edticas p\u00fablicas, y donde Alejandro Medina Giopp del Banco Mundial, subray\u00f3 la importancia de estos sistemas para optimizar recursos y resultados.<\/p>\n","protected":false},"excerpt":{"rendered":"<p>San Luis Potos\u00ed ser\u00e1 una de las seis entidades piloto, de un nuevo \u00cdndice de Monitoreo y Evaluaci\u00f3n que se implementar\u00e1.<\/p>\n","protected":false},"author":4,"featured_media":31350,"comment_status":"closed","ping_status":"closed","sticky":false,"template":"","format":"standard","meta":{"_et_pb_use_builder":"off","_et_pb_old_content":"","_et_gb_content_width":"","footnotes":""},"categories":[280],"tags":[409,72,66],"class_list":["post-31349","post","type-post","status-publish","format-standard","has-post-thumbnail","hentry","category-gob-slp","tag-coneval","tag-gobierno-del-estado","tag-san-luis-potosi"],"_links":{"self":[{"href":"https:\/\/gerardoduque.com.mx\/index.php?rest_route=\/wp\/v2\/posts\/31349","targetHints":{"allow":["GET"]}}],"collection":[{"href":"https:\/\/gerardoduque.com.mx\/index.php?rest_route=\/wp\/v2\/posts"}],"about":[{"href":"https:\/\/gerardoduque.com.mx\/index.php?rest_route=\/wp\/v2\/types\/post"}],"author":[{"embeddable":true,"href":"https:\/\/gerardoduque.com.mx\/index.php?rest_route=\/wp\/v2\/users\/4"}],"replies":[{"embeddable":true,"href":"https:\/\/gerardoduque.com.mx\/index.php?rest_route=%2Fwp%2Fv2%2Fcomments&post=31349"}],"version-history":[{"count":0,"href":"https:\/\/gerardoduque.com.mx\/index.php?rest_route=\/wp\/v2\/posts\/31349\/revisions"}],"wp:featuredmedia":[{"embeddable":true,"href":"https:\/\/gerardoduque.com.mx\/index.php?rest_route=\/wp\/v2\/media\/31350"}],"wp:attachment":[{"href":"https:\/\/gerardoduque.com.mx\/index.php?rest_route=%2Fwp%2Fv2%2Fmedia&parent=31349"}],"wp:term":[{"taxonomy":"category","embeddable":true,"href":"https:\/\/gerardoduque.com.mx\/index.php?rest_route=%2Fwp%2Fv2%2Fcategories&post=31349"},{"taxonomy":"post_tag","embeddable":true,"href":"https:\/\/gerardoduque.com.mx\/index.php?rest_route=%2Fwp%2Fv2%2Ftags&post=31349"}],"curies":[{"name":"wp","href":"https:\/\/api.w.org\/{rel}","templated":true}]}}