{"id":31346,"date":"2024-11-11T05:14:00","date_gmt":"2024-11-11T11:14:00","guid":{"rendered":"https:\/\/gerardoduque.com.mx\/?p=31346"},"modified":"2024-11-10T21:17:40","modified_gmt":"2024-11-11T03:17:40","slug":"reforestaran-el-centro-de-convenciones-de-slp","status":"publish","type":"post","link":"https:\/\/gerardoduque.com.mx\/?p=31346","title":{"rendered":"REFORESTAR\u00c1N EL CENTRO DE CONVENCIONES DE SLP"},"content":{"rendered":"\n<p>Para contribuir en la conservaci\u00f3n del medio ambiente, el Centro de Convenciones de San Luis Potos\u00ed inici\u00f3 la reforestaci\u00f3n del recinto con especies end\u00e9micas, con el apoyo de la Secretar\u00eda de Desarrollo Agropecuario y Recursos Hidr\u00e1ulicos.<\/p>\n\n\n\n<p>Ser\u00e1n colocadas especies m\u00e1s adecuadas al clima y a las caracter\u00edsticas arquitect\u00f3nicas del edificio, colaborando as\u00ed a brindar m\u00e1s apoyo a las futuras generaci\u00f3n con mejores entornos naturales.<\/p>\n","protected":false},"excerpt":{"rendered":"<p>Ser\u00e1n colocadas especies m\u00e1s adecuadas al clima y a las caracter\u00edsticas arquitect\u00f3nicas del edificio.<\/p>\n","protected":false},"author":4,"featured_media":31347,"comment_status":"closed","ping_status":"closed","sticky":false,"template":"","format":"standard","meta":{"_et_pb_use_builder":"off","_et_pb_old_content":"","_et_gb_content_width":"","footnotes":""},"categories":[280],"tags":[493,72,66],"class_list":["post-31346","post","type-post","status-publish","format-standard","has-post-thumbnail","hentry","category-gob-slp","tag-ccslp","tag-gobierno-del-estado","tag-san-luis-potosi"],"_links":{"self":[{"href":"https:\/\/gerardoduque.com.mx\/index.php?rest_route=\/wp\/v2\/posts\/31346","targetHints":{"allow":["GET"]}}],"collection":[{"href":"https:\/\/gerardoduque.com.mx\/index.php?rest_route=\/wp\/v2\/posts"}],"about":[{"href":"https:\/\/gerardoduque.com.mx\/index.php?rest_route=\/wp\/v2\/types\/post"}],"author":[{"embeddable":true,"href":"https:\/\/gerardoduque.com.mx\/index.php?rest_route=\/wp\/v2\/users\/4"}],"replies":[{"embeddable":true,"href":"https:\/\/gerardoduque.com.mx\/index.php?rest_route=%2Fwp%2Fv2%2Fcomments&post=31346"}],"version-history":[{"count":0,"href":"https:\/\/gerardoduque.com.mx\/index.php?rest_route=\/wp\/v2\/posts\/31346\/revisions"}],"wp:featuredmedia":[{"embeddable":true,"href":"https:\/\/gerardoduque.com.mx\/index.php?rest_route=\/wp\/v2\/media\/31347"}],"wp:attachment":[{"href":"https:\/\/gerardoduque.com.mx\/index.php?rest_route=%2Fwp%2Fv2%2Fmedia&parent=31346"}],"wp:term":[{"taxonomy":"category","embeddable":true,"href":"https:\/\/gerardoduque.com.mx\/index.php?rest_route=%2Fwp%2Fv2%2Fcategories&post=31346"},{"taxonomy":"post_tag","embeddable":true,"href":"https:\/\/gerardoduque.com.mx\/index.php?rest_route=%2Fwp%2Fv2%2Ftags&post=31346"}],"curies":[{"name":"wp","href":"https:\/\/api.w.org\/{rel}","templated":true}]}}