{"id":31343,"date":"2024-11-11T05:12:00","date_gmt":"2024-11-11T11:12:00","guid":{"rendered":"https:\/\/gerardoduque.com.mx\/?p=31343"},"modified":"2024-11-10T21:14:28","modified_gmt":"2024-11-11T03:14:28","slug":"villa-de-reyes-busca-convertirse-en-el-proximo-pueblo-magico-de-slp","status":"publish","type":"post","link":"https:\/\/gerardoduque.com.mx\/?p=31343","title":{"rendered":"VILLA DE REYES BUSCA CONVERTIRSE EN EL PR\u00d3XIMO PUEBLO M\u00c1GICO DE SLP"},"content":{"rendered":"\n<p>La Secretar\u00eda de Turismo y el ayuntamiento de Villa de Reyes buscan que el municipio se convierta en el pr\u00f3ximo Pueblo M\u00e1gico de esta entidad.<\/p>\n\n\n\n<p>La secretaria de Turismo sostuvo un encuentro con el alcalde donde ambos coincidieron que Villa de Reyes es un municipio que cuenta con argumentos suficientes para contender por este nombramiento al tener una s\u00f3lida tradici\u00f3n vitivin\u00edcola que les brinda potencial, sus balnearios y aguas termales con \u201cGogorr\u00f3n\u201d como estandarte. Todos estos aspectos en conjunto representan un inter\u00e9s tur\u00edstico y podr\u00edan atraer la atenci\u00f3n de visitantes nacionales e internacionales.<\/p>\n\n\n\n<p>Adem\u00e1s de lo anterior, no se pueden dejar de lado las haciendas y conventos llenos de historia los cuales le dan a este lugar un valor agregado que los impulsa en la b\u00fasqueda por convertirse en el pr\u00f3ximo Pueblo M\u00e1gico.<\/p>\n\n\n\n<p>Para lograr esto, se planean proyectos de mejoramiento de la imagen urbana, promoci\u00f3n de su gastronom\u00eda que destaca por sus sabores \u00fanicos. Esto sumado a la inclusi\u00f3n de Villa de Reyes en rutas tur\u00edsticas estatales como la \u201cRuta del Mezcal\u201d, la \u201cRuta Religiosa\u201d y la \u201cRuta de Haciendas\u201d, iniciativas est\u00e1n siendo desarrolladas por la Secretar\u00eda de Turismo con la finalidad de diversificar y realzar los atractivos del municipio.<\/p>\n","protected":false},"excerpt":{"rendered":"<p>El municipio cuenta con argumentos suficientes para contender por este nombramiento.<\/p>\n","protected":false},"author":4,"featured_media":31344,"comment_status":"closed","ping_status":"closed","sticky":false,"template":"","format":"standard","meta":{"_et_pb_use_builder":"off","_et_pb_old_content":"","_et_gb_content_width":"","footnotes":""},"categories":[412,280],"tags":[72,66,316],"class_list":["post-31343","post","type-post","status-publish","format-standard","has-post-thumbnail","hentry","category-destacado","category-gob-slp","tag-gobierno-del-estado","tag-san-luis-potosi","tag-sectur"],"_links":{"self":[{"href":"https:\/\/gerardoduque.com.mx\/index.php?rest_route=\/wp\/v2\/posts\/31343","targetHints":{"allow":["GET"]}}],"collection":[{"href":"https:\/\/gerardoduque.com.mx\/index.php?rest_route=\/wp\/v2\/posts"}],"about":[{"href":"https:\/\/gerardoduque.com.mx\/index.php?rest_route=\/wp\/v2\/types\/post"}],"author":[{"embeddable":true,"href":"https:\/\/gerardoduque.com.mx\/index.php?rest_route=\/wp\/v2\/users\/4"}],"replies":[{"embeddable":true,"href":"https:\/\/gerardoduque.com.mx\/index.php?rest_route=%2Fwp%2Fv2%2Fcomments&post=31343"}],"version-history":[{"count":0,"href":"https:\/\/gerardoduque.com.mx\/index.php?rest_route=\/wp\/v2\/posts\/31343\/revisions"}],"wp:featuredmedia":[{"embeddable":true,"href":"https:\/\/gerardoduque.com.mx\/index.php?rest_route=\/wp\/v2\/media\/31344"}],"wp:attachment":[{"href":"https:\/\/gerardoduque.com.mx\/index.php?rest_route=%2Fwp%2Fv2%2Fmedia&parent=31343"}],"wp:term":[{"taxonomy":"category","embeddable":true,"href":"https:\/\/gerardoduque.com.mx\/index.php?rest_route=%2Fwp%2Fv2%2Fcategories&post=31343"},{"taxonomy":"post_tag","embeddable":true,"href":"https:\/\/gerardoduque.com.mx\/index.php?rest_route=%2Fwp%2Fv2%2Ftags&post=31343"}],"curies":[{"name":"wp","href":"https:\/\/api.w.org\/{rel}","templated":true}]}}