{"id":31330,"date":"2024-11-10T07:59:05","date_gmt":"2024-11-10T13:59:05","guid":{"rendered":"https:\/\/gerardoduque.com.mx\/?p=31330"},"modified":"2024-11-10T07:59:09","modified_gmt":"2024-11-10T13:59:09","slug":"presentan-libro-sobre-investigaciones-historicas-de-slp","status":"publish","type":"post","link":"https:\/\/gerardoduque.com.mx\/?p=31330","title":{"rendered":"PRESENTAN LIBRO SOBRE INVESTIGACIONES HIST\u00d3RICAS DE SLP"},"content":{"rendered":"\n<p>Para continuar impulsando el conocimiento de la formaci\u00f3n territorial y pol\u00edtica en Am\u00e9rica Latina, el Archivo Hist\u00f3rico del Estado fue sede de la presentaci\u00f3n editorial \u201cLa revoluci\u00f3n de las provincias: los or\u00edgenes de las diputaciones provinciales en el mundo hispano, 1812-1824\u201d, una obra que re\u00fane investigaciones sobre el impacto de las estructuras administrativas regionales establecidas con la Constituci\u00f3n de C\u00e1diz, en 1812.<\/p>\n\n\n\n<p>El evento fue organizado con la finalidad de preservar y difundir la memoria hist\u00f3rica entre la sociedad potosina, buscando que los ciudadanos comprendan la importancia de San Luis Potos\u00ed en los procesos hist\u00f3ricos que han moldeado al Estado y al pa\u00eds.<\/p>\n\n\n\n<p>Durante la charla, las especialistas en Historia discutieron el papel que desempe\u00f1aron las instituciones regionales en la organizaci\u00f3n administrativa de la Nueva Espa\u00f1a y su influencia en la creaci\u00f3n de estados independientes en Am\u00e9rica Latina. El Trienio Liberal fue la \u00e9poca en la que estas entidades ganaron autonom\u00eda, lo que les permiti\u00f3 cuestionar el modelo centralista y transformar el panorama pol\u00edtico de su tiempo.<\/p>\n","protected":false},"excerpt":{"rendered":"<p>Se present\u00f3 el libro \u201cLas Revoluciones de las Provincias: los or\u00edgenes de las diputaciones provinciales en el mundo hispano, 1812-1824\u201d<\/p>\n","protected":false},"author":4,"featured_media":31331,"comment_status":"closed","ping_status":"closed","sticky":false,"template":"","format":"standard","meta":{"_et_pb_use_builder":"off","_et_pb_old_content":"","_et_gb_content_width":"","footnotes":""},"categories":[280],"tags":[331,72,66],"class_list":["post-31330","post","type-post","status-publish","format-standard","has-post-thumbnail","hentry","category-gob-slp","tag-archivo-historico","tag-gobierno-del-estado","tag-san-luis-potosi"],"_links":{"self":[{"href":"https:\/\/gerardoduque.com.mx\/index.php?rest_route=\/wp\/v2\/posts\/31330","targetHints":{"allow":["GET"]}}],"collection":[{"href":"https:\/\/gerardoduque.com.mx\/index.php?rest_route=\/wp\/v2\/posts"}],"about":[{"href":"https:\/\/gerardoduque.com.mx\/index.php?rest_route=\/wp\/v2\/types\/post"}],"author":[{"embeddable":true,"href":"https:\/\/gerardoduque.com.mx\/index.php?rest_route=\/wp\/v2\/users\/4"}],"replies":[{"embeddable":true,"href":"https:\/\/gerardoduque.com.mx\/index.php?rest_route=%2Fwp%2Fv2%2Fcomments&post=31330"}],"version-history":[{"count":0,"href":"https:\/\/gerardoduque.com.mx\/index.php?rest_route=\/wp\/v2\/posts\/31330\/revisions"}],"wp:featuredmedia":[{"embeddable":true,"href":"https:\/\/gerardoduque.com.mx\/index.php?rest_route=\/wp\/v2\/media\/31331"}],"wp:attachment":[{"href":"https:\/\/gerardoduque.com.mx\/index.php?rest_route=%2Fwp%2Fv2%2Fmedia&parent=31330"}],"wp:term":[{"taxonomy":"category","embeddable":true,"href":"https:\/\/gerardoduque.com.mx\/index.php?rest_route=%2Fwp%2Fv2%2Fcategories&post=31330"},{"taxonomy":"post_tag","embeddable":true,"href":"https:\/\/gerardoduque.com.mx\/index.php?rest_route=%2Fwp%2Fv2%2Ftags&post=31330"}],"curies":[{"name":"wp","href":"https:\/\/api.w.org\/{rel}","templated":true}]}}