{"id":31325,"date":"2024-11-10T07:48:24","date_gmt":"2024-11-10T13:48:24","guid":{"rendered":"https:\/\/gerardoduque.com.mx\/?p=31325"},"modified":"2024-11-10T07:48:27","modified_gmt":"2024-11-10T13:48:27","slug":"certifican-a-combatientes-de-incendios","status":"publish","type":"post","link":"https:\/\/gerardoduque.com.mx\/?p=31325","title":{"rendered":"CERTIFICAN A COMBATIENTES DE INCENDIOS"},"content":{"rendered":"\n<p>La Secretar\u00eda de Desarrollo Agropecuario y Recursos Hidr\u00e1ulicos y la Comisi\u00f3n Nacional Forestal realizaron una serie de cursos para certificar a productores del campo y poblaci\u00f3n en general en el Programa de Manejo del Fuego, con lo que ahora est\u00e1n preparadas para que en caso de ser necesario se sumen a las brigadas de las diferentes corporaciones en las pr\u00f3ximas temporadas de incendios.<\/p>\n\n\n\n<p>Con la finalidad de capacitar a quienes fungen como voluntarios, a fin de que apliquen las t\u00e9cnicas adecuadas y para evitar que pongan en riesgo su vida, el curso fue organizado por la Direcci\u00f3n Forestal y Vida Silvestre de la Sedarh e impartido por personal de la Conafor.<\/p>\n\n\n\n<p>Al t\u00e9rmino de los cursos, los participantes recibir\u00e1n sus certificados sobre el manejo de herramientas, materiales y equipos para su protecci\u00f3n, adem\u00e1s de t\u00e9cnicas y trabajos de campo, para la prevenci\u00f3n, control y combate de incendios forestales.<\/p>\n\n\n\n<p>La siguiente certificaci\u00f3n ser\u00e1 en la regi\u00f3n Media, en el ejido San Francisco de Rioverde, para los integrantes de las brigadas en los distintos lugares y la poblaci\u00f3n en general, por lo que se llam\u00f3 a consultar las redes sociales de la dependencia para m\u00e1s informaci\u00f3n.<\/p>\n","protected":false},"excerpt":{"rendered":"<p>Combatientes de fuego, productores del campo y la poblaci\u00f3n est\u00e1n preparadas para sumarse a las brigadas en las pr\u00f3ximas temporadas de incendios.<\/p>\n","protected":false},"author":4,"featured_media":26991,"comment_status":"closed","ping_status":"closed","sticky":false,"template":"","format":"standard","meta":{"_et_pb_use_builder":"off","_et_pb_old_content":"","_et_gb_content_width":"","footnotes":""},"categories":[280],"tags":[173,72,66,234],"class_list":["post-31325","post","type-post","status-publish","format-standard","has-post-thumbnail","hentry","category-gob-slp","tag-conafor","tag-gobierno-del-estado","tag-san-luis-potosi","tag-sedarh"],"_links":{"self":[{"href":"https:\/\/gerardoduque.com.mx\/index.php?rest_route=\/wp\/v2\/posts\/31325","targetHints":{"allow":["GET"]}}],"collection":[{"href":"https:\/\/gerardoduque.com.mx\/index.php?rest_route=\/wp\/v2\/posts"}],"about":[{"href":"https:\/\/gerardoduque.com.mx\/index.php?rest_route=\/wp\/v2\/types\/post"}],"author":[{"embeddable":true,"href":"https:\/\/gerardoduque.com.mx\/index.php?rest_route=\/wp\/v2\/users\/4"}],"replies":[{"embeddable":true,"href":"https:\/\/gerardoduque.com.mx\/index.php?rest_route=%2Fwp%2Fv2%2Fcomments&post=31325"}],"version-history":[{"count":0,"href":"https:\/\/gerardoduque.com.mx\/index.php?rest_route=\/wp\/v2\/posts\/31325\/revisions"}],"wp:featuredmedia":[{"embeddable":true,"href":"https:\/\/gerardoduque.com.mx\/index.php?rest_route=\/wp\/v2\/media\/26991"}],"wp:attachment":[{"href":"https:\/\/gerardoduque.com.mx\/index.php?rest_route=%2Fwp%2Fv2%2Fmedia&parent=31325"}],"wp:term":[{"taxonomy":"category","embeddable":true,"href":"https:\/\/gerardoduque.com.mx\/index.php?rest_route=%2Fwp%2Fv2%2Fcategories&post=31325"},{"taxonomy":"post_tag","embeddable":true,"href":"https:\/\/gerardoduque.com.mx\/index.php?rest_route=%2Fwp%2Fv2%2Ftags&post=31325"}],"curies":[{"name":"wp","href":"https:\/\/api.w.org\/{rel}","templated":true}]}}