{"id":31311,"date":"2024-11-09T07:07:51","date_gmt":"2024-11-09T13:07:51","guid":{"rendered":"https:\/\/gerardoduque.com.mx\/?p=31311"},"modified":"2024-11-09T07:07:54","modified_gmt":"2024-11-09T13:07:54","slug":"reconocen-modelo-estatal-de-inclusion-laboral","status":"publish","type":"post","link":"https:\/\/gerardoduque.com.mx\/?p=31311","title":{"rendered":"RECONOCEN MODELO ESTATAL DE INCLUSI\u00d3N LABORAL"},"content":{"rendered":"\n<p>El Sistema Estatal para el Desarrollo Integral de la Familia fue reconocido por la empresa internacional Mabe, por el apoyo a trav\u00e9s de su modelo de inclusi\u00f3n laboral de personas con discapacidad, que con su aporte permiti\u00f3 a la compa\u00f1\u00eda realizar un diagn\u00f3stico sobre la necesidad de adecuar su infraestructura y puestos de trabajo para mejorar la accesibilidad y oferta de empleabilidad a este sector.<\/p>\n\n\n\n<p>El Centro de Rehabilitaci\u00f3n y Educaci\u00f3n Especial brind\u00f3 asesor\u00eda a la empresa Mabe para que su planta en San Luis Potos\u00ed, fuera piloto para un proyecto que implementar\u00e1 a nivel global.<\/p>\n\n\n\n<p>Como parte de este trabajo conjunto, desarrollaron una herramienta que permite evaluar las habilidades de los candidatos con discapacidad denominada \u201cDojo de Prueba\u201d, volvi\u00e9ndose fundamental para tener una capacitaci\u00f3n efectiva y una integraci\u00f3n exitosa al entorno laboral de Mabe respetando la garant\u00eda de sus derechos.<\/p>\n","protected":false},"excerpt":{"rendered":"<p>La empresa Mabe destac\u00f3 las acciones en apoyo a personas con discapacidad.<\/p>\n","protected":false},"author":4,"featured_media":31312,"comment_status":"closed","ping_status":"closed","sticky":false,"template":"","format":"standard","meta":{"_et_pb_use_builder":"off","_et_pb_old_content":"","_et_gb_content_width":"","footnotes":""},"categories":[280],"tags":[180,72,66],"class_list":["post-31311","post","type-post","status-publish","format-standard","has-post-thumbnail","hentry","category-gob-slp","tag-dif-estatal","tag-gobierno-del-estado","tag-san-luis-potosi"],"_links":{"self":[{"href":"https:\/\/gerardoduque.com.mx\/index.php?rest_route=\/wp\/v2\/posts\/31311","targetHints":{"allow":["GET"]}}],"collection":[{"href":"https:\/\/gerardoduque.com.mx\/index.php?rest_route=\/wp\/v2\/posts"}],"about":[{"href":"https:\/\/gerardoduque.com.mx\/index.php?rest_route=\/wp\/v2\/types\/post"}],"author":[{"embeddable":true,"href":"https:\/\/gerardoduque.com.mx\/index.php?rest_route=\/wp\/v2\/users\/4"}],"replies":[{"embeddable":true,"href":"https:\/\/gerardoduque.com.mx\/index.php?rest_route=%2Fwp%2Fv2%2Fcomments&post=31311"}],"version-history":[{"count":0,"href":"https:\/\/gerardoduque.com.mx\/index.php?rest_route=\/wp\/v2\/posts\/31311\/revisions"}],"wp:featuredmedia":[{"embeddable":true,"href":"https:\/\/gerardoduque.com.mx\/index.php?rest_route=\/wp\/v2\/media\/31312"}],"wp:attachment":[{"href":"https:\/\/gerardoduque.com.mx\/index.php?rest_route=%2Fwp%2Fv2%2Fmedia&parent=31311"}],"wp:term":[{"taxonomy":"category","embeddable":true,"href":"https:\/\/gerardoduque.com.mx\/index.php?rest_route=%2Fwp%2Fv2%2Fcategories&post=31311"},{"taxonomy":"post_tag","embeddable":true,"href":"https:\/\/gerardoduque.com.mx\/index.php?rest_route=%2Fwp%2Fv2%2Ftags&post=31311"}],"curies":[{"name":"wp","href":"https:\/\/api.w.org\/{rel}","templated":true}]}}