{"id":31308,"date":"2024-11-09T07:04:46","date_gmt":"2024-11-09T13:04:46","guid":{"rendered":"https:\/\/gerardoduque.com.mx\/?p=31308"},"modified":"2024-11-09T07:04:48","modified_gmt":"2024-11-09T13:04:48","slug":"supervisan-implementacion-de-la-pension-bienestar-para-potosinas","status":"publish","type":"post","link":"https:\/\/gerardoduque.com.mx\/?p=31308","title":{"rendered":"SUPERVISAN IMPLEMENTACI\u00d3N DE LA PENSI\u00d3N BIENESTAR PARA POTOSINAS"},"content":{"rendered":"\n<p>La Presidenta de M\u00e9xico, Claudia Sheinbaum Pardo y el Gobernador de San Luis Potos\u00ed Ricardo Gallardo Cardona, supervisaron desde el municipio de Villa de Zaragoza, la inscripci\u00f3n al programa de Pensi\u00f3n Mujeres Bienestar, donde reafirmaron el trabajo conjunto.<\/p>\n\n\n\n<p>Desde la explanada La Sauceda, la Presidenta de M\u00e9xico, destac\u00f3 que trabajar\u00e1 para seguir impulsando a las potosinas adultas mayores de 60 a 64 a\u00f1os, en apoyo a su econom\u00eda y dijo que seguir\u00e1n acercando la posibilidad de salir adelante a quienes no la han tenido.<\/p>\n\n\n\n<p>Por su parte, el Mandatario potosino resalt\u00f3 que San Luis Potos\u00ed est\u00e1 alineado con las pol\u00edticas federales, para acercar m\u00e1s apoyo a las mujeres adultas mayores de las cuatro regiones, a trav\u00e9s de incentivos bimestrales de tres mil pesos dirigidos en una primera etapa a mujeres de 62 a 64 a\u00f1os, que abonen a su empoderamiento econ\u00f3mico y necesidades.<\/p>\n\n\n\n<p>Tras una reuni\u00f3n de trabajo, el Gobierno Federal y el Gobierno Estatal trabajar\u00e1n en coordinaci\u00f3n para realizar grandes proyectos impulsados por la Presidenta Claudia Sheinbaum Pardo, para mejorar la calidad de vida de las familias potosinas de las cuatro regiones.<\/p>\n\n\n\n<p>En concordancia con la pol\u00edtica federal, San Luis Potos\u00ed garantiza los programas sociales y desde el 2022 implement\u00f3 un programa de pensiones para personas adultas mayores de 60 a\u00f1os, en situaci\u00f3n de vulnerabilidad y que habitan en localidades de atenci\u00f3n prioritaria, con tres mil pesos bimestrales, en apoyo a la econom\u00eda familiar, con lo que el arranque de la Pensi\u00f3n Mujeres Bienestar fortalecer\u00e1 el desarrollo de los adultos mayores, con mejores oportunidades de desarrollo.<\/p>\n","protected":false},"excerpt":{"rendered":"<p>Las potosinas de 62 a 64 a\u00f1os de localidades con atenci\u00f3n prioritaria recibir\u00e1n apoyos del Gobierno Federal con un incentivo econ\u00f3mico.<\/p>\n","protected":false},"author":4,"featured_media":31309,"comment_status":"closed","ping_status":"closed","sticky":false,"template":"","format":"standard","meta":{"_et_pb_use_builder":"off","_et_pb_old_content":"","_et_gb_content_width":"","footnotes":""},"categories":[280],"tags":[72,66],"class_list":["post-31308","post","type-post","status-publish","format-standard","has-post-thumbnail","hentry","category-gob-slp","tag-gobierno-del-estado","tag-san-luis-potosi"],"_links":{"self":[{"href":"https:\/\/gerardoduque.com.mx\/index.php?rest_route=\/wp\/v2\/posts\/31308","targetHints":{"allow":["GET"]}}],"collection":[{"href":"https:\/\/gerardoduque.com.mx\/index.php?rest_route=\/wp\/v2\/posts"}],"about":[{"href":"https:\/\/gerardoduque.com.mx\/index.php?rest_route=\/wp\/v2\/types\/post"}],"author":[{"embeddable":true,"href":"https:\/\/gerardoduque.com.mx\/index.php?rest_route=\/wp\/v2\/users\/4"}],"replies":[{"embeddable":true,"href":"https:\/\/gerardoduque.com.mx\/index.php?rest_route=%2Fwp%2Fv2%2Fcomments&post=31308"}],"version-history":[{"count":0,"href":"https:\/\/gerardoduque.com.mx\/index.php?rest_route=\/wp\/v2\/posts\/31308\/revisions"}],"wp:featuredmedia":[{"embeddable":true,"href":"https:\/\/gerardoduque.com.mx\/index.php?rest_route=\/wp\/v2\/media\/31309"}],"wp:attachment":[{"href":"https:\/\/gerardoduque.com.mx\/index.php?rest_route=%2Fwp%2Fv2%2Fmedia&parent=31308"}],"wp:term":[{"taxonomy":"category","embeddable":true,"href":"https:\/\/gerardoduque.com.mx\/index.php?rest_route=%2Fwp%2Fv2%2Fcategories&post=31308"},{"taxonomy":"post_tag","embeddable":true,"href":"https:\/\/gerardoduque.com.mx\/index.php?rest_route=%2Fwp%2Fv2%2Ftags&post=31308"}],"curies":[{"name":"wp","href":"https:\/\/api.w.org\/{rel}","templated":true}]}}