{"id":31302,"date":"2024-11-09T06:54:06","date_gmt":"2024-11-09T12:54:06","guid":{"rendered":"https:\/\/gerardoduque.com.mx\/?p=31302"},"modified":"2024-11-09T06:54:09","modified_gmt":"2024-11-09T12:54:09","slug":"ruta-alterna-al-eje-122-se-encuentra-en-su-ultima-etapa-de-construccion","status":"publish","type":"post","link":"https:\/\/gerardoduque.com.mx\/?p=31302","title":{"rendered":"RUTA ALTERNA AL EJE 122 SE ENCUENTRA EN SU \u00daLTIMA ETAPA DE CONSTRUCCI\u00d3N"},"content":{"rendered":"\n<p>La Secretar\u00eda de Desarrollo Urbano, Vivienda y Obras P\u00fablicas registra importante avance de la construcci\u00f3n de la Ruta Alterna hacia el Eje 122, que ya est\u00e1 en su \u00faltima etapa.<\/p>\n\n\n\n<p>De acuerdo con lo informado, los trabajos mantienen un buen ritmo, coordin\u00e1ndose con la empresa Canadian Pacific Kansas City, que en muy poco tiempo podr\u00e1 otorgar las autorizaciones para la apertura de caja y el montaje de trabes superiores a la altura del cruce con las v\u00edas.<\/p>\n\n\n\n<p>Se mencion\u00f3 que hay un avance notable en los trabajos dentro de los que se contempla la construcci\u00f3n de la glorieta vial que permitir\u00e1 dejar la conexi\u00f3n para el Eje 140.<\/p>\n\n\n\n<p>Se proyecta que esta obra resolver\u00e1 ciertos problemas de movilidad hacia la zona industrial, ya tienen en puerta m\u00e1s infraestructura por entregar antes de que concluya el 2024.<\/p>\n","protected":false},"excerpt":{"rendered":"<p>Hay un avance notable en los trabajos dentro de los que se contempla la construcci\u00f3n de la glorieta vial que permitir\u00e1 dejar la conexi\u00f3n para el Eje 140.<\/p>\n","protected":false},"author":4,"featured_media":31303,"comment_status":"closed","ping_status":"closed","sticky":false,"template":"","format":"standard","meta":{"_et_pb_use_builder":"off","_et_pb_old_content":"","_et_gb_content_width":"","footnotes":""},"categories":[280],"tags":[72,66,74],"class_list":["post-31302","post","type-post","status-publish","format-standard","has-post-thumbnail","hentry","category-gob-slp","tag-gobierno-del-estado","tag-san-luis-potosi","tag-seduvop"],"_links":{"self":[{"href":"https:\/\/gerardoduque.com.mx\/index.php?rest_route=\/wp\/v2\/posts\/31302","targetHints":{"allow":["GET"]}}],"collection":[{"href":"https:\/\/gerardoduque.com.mx\/index.php?rest_route=\/wp\/v2\/posts"}],"about":[{"href":"https:\/\/gerardoduque.com.mx\/index.php?rest_route=\/wp\/v2\/types\/post"}],"author":[{"embeddable":true,"href":"https:\/\/gerardoduque.com.mx\/index.php?rest_route=\/wp\/v2\/users\/4"}],"replies":[{"embeddable":true,"href":"https:\/\/gerardoduque.com.mx\/index.php?rest_route=%2Fwp%2Fv2%2Fcomments&post=31302"}],"version-history":[{"count":0,"href":"https:\/\/gerardoduque.com.mx\/index.php?rest_route=\/wp\/v2\/posts\/31302\/revisions"}],"wp:featuredmedia":[{"embeddable":true,"href":"https:\/\/gerardoduque.com.mx\/index.php?rest_route=\/wp\/v2\/media\/31303"}],"wp:attachment":[{"href":"https:\/\/gerardoduque.com.mx\/index.php?rest_route=%2Fwp%2Fv2%2Fmedia&parent=31302"}],"wp:term":[{"taxonomy":"category","embeddable":true,"href":"https:\/\/gerardoduque.com.mx\/index.php?rest_route=%2Fwp%2Fv2%2Fcategories&post=31302"},{"taxonomy":"post_tag","embeddable":true,"href":"https:\/\/gerardoduque.com.mx\/index.php?rest_route=%2Fwp%2Fv2%2Ftags&post=31302"}],"curies":[{"name":"wp","href":"https:\/\/api.w.org\/{rel}","templated":true}]}}