{"id":31285,"date":"2024-11-08T12:32:39","date_gmt":"2024-11-08T18:32:39","guid":{"rendered":"https:\/\/gerardoduque.com.mx\/?p=31285"},"modified":"2024-11-08T12:32:41","modified_gmt":"2024-11-08T18:32:41","slug":"integran-especialista-al-consejo-ciudadano-y-sistema-estatal-de-busqueda-de-personas","status":"publish","type":"post","link":"https:\/\/gerardoduque.com.mx\/?p=31285","title":{"rendered":"INTEGRAN ESPECIALISTA AL CONSEJO CIUDADANO Y SISTEMA ESTATAL DE B\u00daSQUEDA DE PERSONAS"},"content":{"rendered":"\n<p>Adriana Mac\u00edas Madero rindi\u00f3 protesta como nueva integrante y especialista del Consejo Ciudadano, perteneciente a la Comisi\u00f3n y el Sistema Estatal de B\u00fasqueda de Personas, acorde a lo establecido por el Peri\u00f3dico Oficial del Estado en su publicaci\u00f3n del pasado 11 de septiembre.&nbsp;<\/p>\n\n\n\n<p>El subsecretario de Asuntos Jur\u00eddicos y Derechos Humanos, tom\u00f3 protesta a la especialista, para ocupar el cargo honor\u00edfico de integrante del Consejo Ciudadano, tras resultar electa en el proceso correspondiente donde se revis\u00f3 la documentaci\u00f3n de los aspirantes.&nbsp;<\/p>\n\n\n\n<p>La nueva integrante del Consejo y Sistema Estatal cuenta con experiencia acad\u00e9mica y profesional y es un perfil altamente capacitado, con especializaci\u00f3n en el \u00e1rea de ciencias forenses; es licenciada en antropolog\u00eda con especialidad en arqueolog\u00eda y licenciada en gesti\u00f3n cultural con maestr\u00eda en arqueolog\u00eda; doctorada en historia, experiencia docente y acad\u00e9mica en temas relacionados con la antropolog\u00eda y arqueolog\u00eda forense.<\/p>\n\n\n\n<p>Se resalt\u00f3 el proceso transparente con el que buscan generar un mayor acercamiento con los familiares de personas desaparecidas, reforzar la labor de la CEBP y garantizar que trabaja en condiciones adecuadas en beneficio de las v\u00edctimas de desaparecidos o no localizados y su familia, con acciones concretas que garanticen su derecho a ser buscado.<\/p>\n","protected":false},"excerpt":{"rendered":"<p>Adriana Mac\u00edas Madero rindi\u00f3 protesta como nueva integrante y especialista del Consejo Ciudadano.<\/p>\n","protected":false},"author":4,"featured_media":31286,"comment_status":"closed","ping_status":"closed","sticky":false,"template":"","format":"standard","meta":{"_et_pb_use_builder":"off","_et_pb_old_content":"","_et_gb_content_width":"","footnotes":""},"categories":[280],"tags":[374,72,66],"class_list":["post-31285","post","type-post","status-publish","format-standard","has-post-thumbnail","hentry","category-gob-slp","tag-cebp","tag-gobierno-del-estado","tag-san-luis-potosi"],"_links":{"self":[{"href":"https:\/\/gerardoduque.com.mx\/index.php?rest_route=\/wp\/v2\/posts\/31285","targetHints":{"allow":["GET"]}}],"collection":[{"href":"https:\/\/gerardoduque.com.mx\/index.php?rest_route=\/wp\/v2\/posts"}],"about":[{"href":"https:\/\/gerardoduque.com.mx\/index.php?rest_route=\/wp\/v2\/types\/post"}],"author":[{"embeddable":true,"href":"https:\/\/gerardoduque.com.mx\/index.php?rest_route=\/wp\/v2\/users\/4"}],"replies":[{"embeddable":true,"href":"https:\/\/gerardoduque.com.mx\/index.php?rest_route=%2Fwp%2Fv2%2Fcomments&post=31285"}],"version-history":[{"count":0,"href":"https:\/\/gerardoduque.com.mx\/index.php?rest_route=\/wp\/v2\/posts\/31285\/revisions"}],"wp:featuredmedia":[{"embeddable":true,"href":"https:\/\/gerardoduque.com.mx\/index.php?rest_route=\/wp\/v2\/media\/31286"}],"wp:attachment":[{"href":"https:\/\/gerardoduque.com.mx\/index.php?rest_route=%2Fwp%2Fv2%2Fmedia&parent=31285"}],"wp:term":[{"taxonomy":"category","embeddable":true,"href":"https:\/\/gerardoduque.com.mx\/index.php?rest_route=%2Fwp%2Fv2%2Fcategories&post=31285"},{"taxonomy":"post_tag","embeddable":true,"href":"https:\/\/gerardoduque.com.mx\/index.php?rest_route=%2Fwp%2Fv2%2Ftags&post=31285"}],"curies":[{"name":"wp","href":"https:\/\/api.w.org\/{rel}","templated":true}]}}