{"id":31282,"date":"2024-11-08T12:27:42","date_gmt":"2024-11-08T18:27:42","guid":{"rendered":"https:\/\/gerardoduque.com.mx\/?p=31282"},"modified":"2024-11-08T12:27:45","modified_gmt":"2024-11-08T18:27:45","slug":"inicia-evaluacion-2024-para-eficiencia-en-recurso-publico","status":"publish","type":"post","link":"https:\/\/gerardoduque.com.mx\/?p=31282","title":{"rendered":"INICIA EVALUACI\u00d3N 2024 PARA EFICIENCIA EN RECURSO P\u00daBLICO"},"content":{"rendered":"\n<p>Para contribuir a la toma de decisiones, mejorar las intervenciones p\u00fablicas y garantizar la transparencia y eficiencia en el ejercicio de los recursos p\u00fablicos, la Secretar\u00eda de Finanzas inici\u00f3 los trabajos del Programa Anual de Evaluaci\u00f3n 2024.<\/p>\n\n\n\n<p>La titular de la dependencia explic\u00f3 que el programa revisar\u00e1 el uso de los recursos al apoyo cultural y desarrollo tur\u00edstico, bienestar de las mujeres, inversiones p\u00fablicas y lograr m\u00e1s apoyo a los potosinos.<\/p>\n\n\n\n<p>La Evaluaci\u00f3n de Desempe\u00f1o comprende los ocho Fondos de Aportaciones Federales para Estados y Municipios, Ramo 33, as\u00ed como la Evaluaci\u00f3n de Consistencia y Resultados a los programas presupuestarios estatales de Arte y Cultura, de la Secretar\u00eda de Cultura (Secult), Desarrollo Tur\u00edstico, de la Secretar\u00eda de Turismo (Sectur) y Mujeres, del Instituto de las Mujeres.<\/p>\n\n\n\n<p>Se dio a conocer los pormenores de dicho programa a las y los 26 funcionarios enlaces de evaluaci\u00f3n, a quienes entregaron el calendario de entrega de documentaci\u00f3n y dem\u00e1s aspectos relevantes.<\/p>\n","protected":false},"excerpt":{"rendered":"<p>La evaluaci\u00f3n se realizar\u00e1 a ocho fondos del Ramo 33 ejercidos durante el a\u00f1o 2023.<\/p>\n","protected":false},"author":4,"featured_media":31283,"comment_status":"closed","ping_status":"closed","sticky":false,"template":"","format":"standard","meta":{"_et_pb_use_builder":"off","_et_pb_old_content":"","_et_gb_content_width":"","footnotes":""},"categories":[280],"tags":[72,66,132],"class_list":["post-31282","post","type-post","status-publish","format-standard","has-post-thumbnail","hentry","category-gob-slp","tag-gobierno-del-estado","tag-san-luis-potosi","tag-sefin"],"_links":{"self":[{"href":"https:\/\/gerardoduque.com.mx\/index.php?rest_route=\/wp\/v2\/posts\/31282","targetHints":{"allow":["GET"]}}],"collection":[{"href":"https:\/\/gerardoduque.com.mx\/index.php?rest_route=\/wp\/v2\/posts"}],"about":[{"href":"https:\/\/gerardoduque.com.mx\/index.php?rest_route=\/wp\/v2\/types\/post"}],"author":[{"embeddable":true,"href":"https:\/\/gerardoduque.com.mx\/index.php?rest_route=\/wp\/v2\/users\/4"}],"replies":[{"embeddable":true,"href":"https:\/\/gerardoduque.com.mx\/index.php?rest_route=%2Fwp%2Fv2%2Fcomments&post=31282"}],"version-history":[{"count":0,"href":"https:\/\/gerardoduque.com.mx\/index.php?rest_route=\/wp\/v2\/posts\/31282\/revisions"}],"wp:featuredmedia":[{"embeddable":true,"href":"https:\/\/gerardoduque.com.mx\/index.php?rest_route=\/wp\/v2\/media\/31283"}],"wp:attachment":[{"href":"https:\/\/gerardoduque.com.mx\/index.php?rest_route=%2Fwp%2Fv2%2Fmedia&parent=31282"}],"wp:term":[{"taxonomy":"category","embeddable":true,"href":"https:\/\/gerardoduque.com.mx\/index.php?rest_route=%2Fwp%2Fv2%2Fcategories&post=31282"},{"taxonomy":"post_tag","embeddable":true,"href":"https:\/\/gerardoduque.com.mx\/index.php?rest_route=%2Fwp%2Fv2%2Ftags&post=31282"}],"curies":[{"name":"wp","href":"https:\/\/api.w.org\/{rel}","templated":true}]}}