{"id":31269,"date":"2024-11-07T18:48:32","date_gmt":"2024-11-08T00:48:32","guid":{"rendered":"https:\/\/gerardoduque.com.mx\/?p=31269"},"modified":"2024-11-07T18:48:37","modified_gmt":"2024-11-08T00:48:37","slug":"inicia-construccion-de-escuela-primaria-en-santa-maria-del-rio","status":"publish","type":"post","link":"https:\/\/gerardoduque.com.mx\/?p=31269","title":{"rendered":"INICIA CONSTRUCCI\u00d3N DE ESCUELA PRIMARIA EN SANTA MAR\u00cdA DEL R\u00cdO"},"content":{"rendered":"\n<p>Este jueves, el Gobernador Ricardo Gallardo Cardona dio banderazo de arranque a la construcci\u00f3n de la escuela primaria Alberto Carrera Torres, de la localidad El Toro, con lo que ahora los estudiantes, as\u00ed como futuras generaciones podr\u00e1n continuar con su preparaci\u00f3n acad\u00e9mica en instalaciones dignas.<\/p>\n\n\n\n<p>En una gira de trabajo por el municipio, tambi\u00e9n se llev\u00f3 el programa Seguridad Alimentaria en beneficio de m\u00e1s de seis mil 500 hogares que cada 45 d\u00edas recibir\u00e1n productos de la canasta b\u00e1sica.<\/p>\n\n\n\n<p>Al arrancar la entrega del programa de Seguridad Alimentaria, dise\u00f1ado por el Sistema Estatal DIF, para mejorar la nutrici\u00f3n de las familias, especialmente de ni\u00f1as, ni\u00f1os y adultos mayores, Gallardo Cardona coment\u00f3 que la caja cuenta con 20 kilogramos de productos de calidad, y llegar\u00e1 cada 45 d\u00edas a los hogares, para brindar m\u00e1s apoyo en los gastos alimentarios, y que los ahorros puedan ser destinados a otras necesidades.<\/p>\n","protected":false},"excerpt":{"rendered":"<p>La Escuela primaria Alberto Carrera Torres, se localizar\u00e1 en la localidad El Toro.<\/p>\n","protected":false},"author":4,"featured_media":4381,"comment_status":"closed","ping_status":"closed","sticky":false,"template":"","format":"standard","meta":{"_et_pb_use_builder":"off","_et_pb_old_content":"","_et_gb_content_width":"","footnotes":""},"categories":[412,280],"tags":[72,66],"class_list":["post-31269","post","type-post","status-publish","format-standard","has-post-thumbnail","hentry","category-destacado","category-gob-slp","tag-gobierno-del-estado","tag-san-luis-potosi"],"_links":{"self":[{"href":"https:\/\/gerardoduque.com.mx\/index.php?rest_route=\/wp\/v2\/posts\/31269","targetHints":{"allow":["GET"]}}],"collection":[{"href":"https:\/\/gerardoduque.com.mx\/index.php?rest_route=\/wp\/v2\/posts"}],"about":[{"href":"https:\/\/gerardoduque.com.mx\/index.php?rest_route=\/wp\/v2\/types\/post"}],"author":[{"embeddable":true,"href":"https:\/\/gerardoduque.com.mx\/index.php?rest_route=\/wp\/v2\/users\/4"}],"replies":[{"embeddable":true,"href":"https:\/\/gerardoduque.com.mx\/index.php?rest_route=%2Fwp%2Fv2%2Fcomments&post=31269"}],"version-history":[{"count":0,"href":"https:\/\/gerardoduque.com.mx\/index.php?rest_route=\/wp\/v2\/posts\/31269\/revisions"}],"wp:featuredmedia":[{"embeddable":true,"href":"https:\/\/gerardoduque.com.mx\/index.php?rest_route=\/wp\/v2\/media\/4381"}],"wp:attachment":[{"href":"https:\/\/gerardoduque.com.mx\/index.php?rest_route=%2Fwp%2Fv2%2Fmedia&parent=31269"}],"wp:term":[{"taxonomy":"category","embeddable":true,"href":"https:\/\/gerardoduque.com.mx\/index.php?rest_route=%2Fwp%2Fv2%2Fcategories&post=31269"},{"taxonomy":"post_tag","embeddable":true,"href":"https:\/\/gerardoduque.com.mx\/index.php?rest_route=%2Fwp%2Fv2%2Ftags&post=31269"}],"curies":[{"name":"wp","href":"https:\/\/api.w.org\/{rel}","templated":true}]}}