{"id":31248,"date":"2024-11-06T12:19:17","date_gmt":"2024-11-06T18:19:17","guid":{"rendered":"https:\/\/gerardoduque.com.mx\/?p=31248"},"modified":"2024-11-06T12:19:21","modified_gmt":"2024-11-06T18:19:21","slug":"toman-protesta-a-miembros-del-consejo-tecnico-consultivo-de-mineria","status":"publish","type":"post","link":"https:\/\/gerardoduque.com.mx\/?p=31248","title":{"rendered":"TOMAN PROTESTA A MIEMBROS DEL CONSEJO T\u00c9CNICO CONSULTIVO DE MINER\u00cdA"},"content":{"rendered":"\n<p>La Secretar\u00eda de Desarrollo Econ\u00f3mico instal\u00f3 la Primera Reuni\u00f3n del Consejo T\u00e9cnico Consultivo de Miner\u00eda en San Luis Potos\u00ed, para avanzar en el crecimiento responsable y para promover una miner\u00eda sostenible acorde al mercado global, con el aprovechamiento de recursos y la preservaci\u00f3n del entorno.<\/p>\n\n\n\n<p>Destac\u00f3 la importancia de este sector para la econom\u00eda y la historia cultural del Estado, al tiempo que deline\u00f3 una visi\u00f3n de futuro que combina innovaci\u00f3n, sostenibilidad y compromiso social.<\/p>\n\n\n\n<p>El Consejo incluye como meta el fortalecimiento de la producci\u00f3n y la tecnolog\u00eda minera, la capacitaci\u00f3n, la adopci\u00f3n de nuevas tecnolog\u00edas, y el fortalecimiento de la industria, bien organizada, y con pol\u00edticas que faciliten la inversi\u00f3n y protejan a las comunidades y medio ambiente, dijo el funcionario estatal, tras recordar que la entidad posee una larga tradici\u00f3n minera, con abundantes yacimientos de metales y minerales, que lo destacan a nivel nacional e internacional.<\/p>\n\n\n\n<p>Se tom\u00f3 protesta a los integrantes del Consejo, conformado por representantes de distintas empresas mineras, representantes de dependencias estatales y federales, adem\u00e1s de acad\u00e9micos, cuya experiencia y compromiso, favorecer\u00e1 a la miner\u00eda, por lo que expres\u00f3 su confianza en que contribuir\u00e1n al crecimiento econ\u00f3mico de San Luis Potos\u00ed y de M\u00e9xico.<\/p>\n","protected":false},"excerpt":{"rendered":"<p>La intenci\u00f3n es promover una miner\u00eda sostenible acorde al mercado global, con el aprovechamiento de recursos y la preservaci\u00f3n del entorno. <\/p>\n","protected":false},"author":4,"featured_media":31249,"comment_status":"closed","ping_status":"closed","sticky":false,"template":"","format":"standard","meta":{"_et_pb_use_builder":"off","_et_pb_old_content":"","_et_gb_content_width":"","footnotes":""},"categories":[280],"tags":[72,66,201],"class_list":["post-31248","post","type-post","status-publish","format-standard","has-post-thumbnail","hentry","category-gob-slp","tag-gobierno-del-estado","tag-san-luis-potosi","tag-sedeco"],"_links":{"self":[{"href":"https:\/\/gerardoduque.com.mx\/index.php?rest_route=\/wp\/v2\/posts\/31248","targetHints":{"allow":["GET"]}}],"collection":[{"href":"https:\/\/gerardoduque.com.mx\/index.php?rest_route=\/wp\/v2\/posts"}],"about":[{"href":"https:\/\/gerardoduque.com.mx\/index.php?rest_route=\/wp\/v2\/types\/post"}],"author":[{"embeddable":true,"href":"https:\/\/gerardoduque.com.mx\/index.php?rest_route=\/wp\/v2\/users\/4"}],"replies":[{"embeddable":true,"href":"https:\/\/gerardoduque.com.mx\/index.php?rest_route=%2Fwp%2Fv2%2Fcomments&post=31248"}],"version-history":[{"count":0,"href":"https:\/\/gerardoduque.com.mx\/index.php?rest_route=\/wp\/v2\/posts\/31248\/revisions"}],"wp:featuredmedia":[{"embeddable":true,"href":"https:\/\/gerardoduque.com.mx\/index.php?rest_route=\/wp\/v2\/media\/31249"}],"wp:attachment":[{"href":"https:\/\/gerardoduque.com.mx\/index.php?rest_route=%2Fwp%2Fv2%2Fmedia&parent=31248"}],"wp:term":[{"taxonomy":"category","embeddable":true,"href":"https:\/\/gerardoduque.com.mx\/index.php?rest_route=%2Fwp%2Fv2%2Fcategories&post=31248"},{"taxonomy":"post_tag","embeddable":true,"href":"https:\/\/gerardoduque.com.mx\/index.php?rest_route=%2Fwp%2Fv2%2Ftags&post=31248"}],"curies":[{"name":"wp","href":"https:\/\/api.w.org\/{rel}","templated":true}]}}