{"id":31232,"date":"2024-11-06T07:00:19","date_gmt":"2024-11-06T13:00:19","guid":{"rendered":"https:\/\/gerardoduque.com.mx\/?p=31232"},"modified":"2024-11-06T07:00:23","modified_gmt":"2024-11-06T13:00:23","slug":"celebran-130-anos-del-teatro-de-la-paz-con-concierto-sinfonico","status":"publish","type":"post","link":"https:\/\/gerardoduque.com.mx\/?p=31232","title":{"rendered":"CELEBRAN 130 A\u00d1OS DEL TEATRO DE LA PAZ CON CONCIERTO SINF\u00d3NICO"},"content":{"rendered":"\n<p>En el marco del 130 Aniversario del Teatro de La Paz, la Secretar\u00eda de Cultura llev\u00f3 a cabo el concierto de la \u00f3pera Carmina Burana, interpretado por la Orquesta Sinf\u00f3nica de San Luis Potos\u00ed, bajo la direcci\u00f3n del maestro Jos\u00e9 Miramontes Zapata y con la participaci\u00f3n de Sara Alicia Estrada como soprano, Daniel Cer\u00f3n como bar\u00edtono y Jaime Torres como tenor, acompa\u00f1ados por los coros de las Escuelas Estatales de M\u00fasica, de Iniciaci\u00f3n Musical \u201cJuli\u00e1n Carrillo\u201d, la Capella Universitaria y el Coro Infantil y Juvenil \u201cOralia Dom\u00ednguez\u201d.<\/p>\n\n\n\n<p>El majestuoso concierto brind\u00f3 una experiencia musical que logr\u00f3 la ovaci\u00f3n del p\u00fablico asistente, con lo que conmemoran la rica historia del Teatro de La Paz, y su papel como un epicentro de la cultura y las artes en San Luis Potos\u00ed.<\/p>\n\n\n\n<p>En un ambiente de celebraci\u00f3n, con un teatro lleno, y con una atm\u00f3sfera musical y art\u00edstica, el titular dio la bienvenida a los asistentes, y destac\u00f3 la importancia del Teatro de La Paz como un edificio hist\u00f3rico, arquitect\u00f3nico, de apoyo a los potosinos y un s\u00edmbolo de la evoluci\u00f3n cultural de la ciudad.<\/p>\n","protected":false},"excerpt":{"rendered":"<p>La \u00f3pera de Carmina Burana interpretada por la Orquesta Sinf\u00f3nica de San Luis Potos\u00ed cautiv\u00f3 al p\u00fablico <\/p>\n","protected":false},"author":4,"featured_media":31233,"comment_status":"closed","ping_status":"closed","sticky":false,"template":"","format":"standard","meta":{"_et_pb_use_builder":"off","_et_pb_old_content":"","_et_gb_content_width":"","footnotes":""},"categories":[280],"tags":[72,66,200],"class_list":["post-31232","post","type-post","status-publish","format-standard","has-post-thumbnail","hentry","category-gob-slp","tag-gobierno-del-estado","tag-san-luis-potosi","tag-secult"],"_links":{"self":[{"href":"https:\/\/gerardoduque.com.mx\/index.php?rest_route=\/wp\/v2\/posts\/31232","targetHints":{"allow":["GET"]}}],"collection":[{"href":"https:\/\/gerardoduque.com.mx\/index.php?rest_route=\/wp\/v2\/posts"}],"about":[{"href":"https:\/\/gerardoduque.com.mx\/index.php?rest_route=\/wp\/v2\/types\/post"}],"author":[{"embeddable":true,"href":"https:\/\/gerardoduque.com.mx\/index.php?rest_route=\/wp\/v2\/users\/4"}],"replies":[{"embeddable":true,"href":"https:\/\/gerardoduque.com.mx\/index.php?rest_route=%2Fwp%2Fv2%2Fcomments&post=31232"}],"version-history":[{"count":0,"href":"https:\/\/gerardoduque.com.mx\/index.php?rest_route=\/wp\/v2\/posts\/31232\/revisions"}],"wp:featuredmedia":[{"embeddable":true,"href":"https:\/\/gerardoduque.com.mx\/index.php?rest_route=\/wp\/v2\/media\/31233"}],"wp:attachment":[{"href":"https:\/\/gerardoduque.com.mx\/index.php?rest_route=%2Fwp%2Fv2%2Fmedia&parent=31232"}],"wp:term":[{"taxonomy":"category","embeddable":true,"href":"https:\/\/gerardoduque.com.mx\/index.php?rest_route=%2Fwp%2Fv2%2Fcategories&post=31232"},{"taxonomy":"post_tag","embeddable":true,"href":"https:\/\/gerardoduque.com.mx\/index.php?rest_route=%2Fwp%2Fv2%2Ftags&post=31232"}],"curies":[{"name":"wp","href":"https:\/\/api.w.org\/{rel}","templated":true}]}}