{"id":31216,"date":"2024-11-05T10:47:49","date_gmt":"2024-11-05T16:47:49","guid":{"rendered":"https:\/\/gerardoduque.com.mx\/?p=31216"},"modified":"2024-11-05T10:47:54","modified_gmt":"2024-11-05T16:47:54","slug":"llevaran-servicios-del-cjm-a-colonias-de-la-capital-del-slp","status":"publish","type":"post","link":"https:\/\/gerardoduque.com.mx\/?p=31216","title":{"rendered":"LLEVAR\u00c1N SERVICIOS DEL CJM A COLONIAS DE LA CAPITAL DEL SLP"},"content":{"rendered":"\n<p>El Centro de Justicia para las Mujeres puso en operaci\u00f3n una unidad destinada al proyecto CJM\u00f3vil, que recorrer\u00e1 colonias de la zona metropolitana, y municipios de las cuatro regiones, acercando el acceso a los servicios gratuitos que ofrece la dependencia.<\/p>\n\n\n\n<p>La unidad m\u00f3vil buscar\u00e1 fortalecer las pol\u00edticas de protecci\u00f3n a las potosinas, la igualdad y la erradicaci\u00f3n de la violencia de g\u00e9nero, al acercar los servicios de primera entrevista, psicolog\u00eda, asesor\u00eda jur\u00eddica, as\u00ed como pl\u00e1ticas de prevenci\u00f3n y empoderamiento, dio a conocer la titular del CJM, M\u00f3nica Kemp Zamudio.<\/p>\n\n\n\n<p>Finalmente, la funcionaria revel\u00f3 que firm\u00f3 un convenio de colaboraci\u00f3n con el presidente del Supremo Tribunal de Justicia y del Consejo de la Judicatura, Arturo Morales Silva, para un comodato de un remolque para este proyecto que garantizar\u00e1 una vida libre de violencia a m\u00e1s mujeres potosinas, adem\u00e1s de bienestar personal y familiar.<\/p>\n","protected":false},"excerpt":{"rendered":"<p>El Centro de Justicia para las Mujeres y el Poder Judicial pusieron en operaci\u00f3n el proyecto CJM\u00f3vil<\/p>\n","protected":false},"author":4,"featured_media":31217,"comment_status":"closed","ping_status":"closed","sticky":false,"template":"","format":"standard","meta":{"_et_pb_use_builder":"off","_et_pb_old_content":"","_et_gb_content_width":"","footnotes":""},"categories":[280],"tags":[317,72,66],"class_list":["post-31216","post","type-post","status-publish","format-standard","has-post-thumbnail","hentry","category-gob-slp","tag-cjm","tag-gobierno-del-estado","tag-san-luis-potosi"],"_links":{"self":[{"href":"https:\/\/gerardoduque.com.mx\/index.php?rest_route=\/wp\/v2\/posts\/31216","targetHints":{"allow":["GET"]}}],"collection":[{"href":"https:\/\/gerardoduque.com.mx\/index.php?rest_route=\/wp\/v2\/posts"}],"about":[{"href":"https:\/\/gerardoduque.com.mx\/index.php?rest_route=\/wp\/v2\/types\/post"}],"author":[{"embeddable":true,"href":"https:\/\/gerardoduque.com.mx\/index.php?rest_route=\/wp\/v2\/users\/4"}],"replies":[{"embeddable":true,"href":"https:\/\/gerardoduque.com.mx\/index.php?rest_route=%2Fwp%2Fv2%2Fcomments&post=31216"}],"version-history":[{"count":0,"href":"https:\/\/gerardoduque.com.mx\/index.php?rest_route=\/wp\/v2\/posts\/31216\/revisions"}],"wp:featuredmedia":[{"embeddable":true,"href":"https:\/\/gerardoduque.com.mx\/index.php?rest_route=\/wp\/v2\/media\/31217"}],"wp:attachment":[{"href":"https:\/\/gerardoduque.com.mx\/index.php?rest_route=%2Fwp%2Fv2%2Fmedia&parent=31216"}],"wp:term":[{"taxonomy":"category","embeddable":true,"href":"https:\/\/gerardoduque.com.mx\/index.php?rest_route=%2Fwp%2Fv2%2Fcategories&post=31216"},{"taxonomy":"post_tag","embeddable":true,"href":"https:\/\/gerardoduque.com.mx\/index.php?rest_route=%2Fwp%2Fv2%2Ftags&post=31216"}],"curies":[{"name":"wp","href":"https:\/\/api.w.org\/{rel}","templated":true}]}}