{"id":31210,"date":"2024-11-05T10:39:48","date_gmt":"2024-11-05T16:39:48","guid":{"rendered":"https:\/\/gerardoduque.com.mx\/?p=31210"},"modified":"2024-11-05T10:39:53","modified_gmt":"2024-11-05T16:39:53","slug":"rinde-protesta-nuevo-rector-de-la-universidad-politecnica","status":"publish","type":"post","link":"https:\/\/gerardoduque.com.mx\/?p=31210","title":{"rendered":"RINDE PROTESTA NUEVO RECTOR DE LA UNIVERSIDAD POLIT\u00c9CNICA"},"content":{"rendered":"\n<p>En segunda sesi\u00f3n extraordinaria, la Junta Directiva de la Universidad Polit\u00e9cnica de San Luis Potos\u00ed que preside la Secretar\u00eda de Educaci\u00f3n de Gobierno del Estado, tom\u00f3 protesta a N\u00e9stor Eduardo Garza \u00c1lvarez como rector por un periodo de hasta cuatro a\u00f1os, con opci\u00f3n de reelecci\u00f3n.<\/p>\n\n\n\n<p>N\u00e9stor Eduardo Garza \u00c1lvarez, es Maestro en las Artes del Derecho Internacional por el Instituto Superior de Derecho y Econom\u00eda de Madrid, Espa\u00f1a, en su experiencia laboral, trabaj\u00f3 como titular de la Secretar\u00eda del Trabajo y Previsi\u00f3n Social del Estado, cuenta con experiencia como asesor legal, y con diferentes cursos y certificaciones en temas jur\u00eddicos y acad\u00e9micos.<\/p>\n\n\n\n<p>En su mensaje el titular de la SEGE, exhort\u00f3 al nuevo rector a desempe\u00f1arse con lealtad y patriotismo, para garantizar una educaci\u00f3n de excelencia y llevar m\u00e1s apoyo a los estudiantes de esta casa de estudios, cumpliendo con la demanda de crecimiento que ha logrado el Gobierno del Estado.<\/p>\n\n\n\n<p>De conformidad con el art\u00edculo 60 de la Ley Org\u00e1nica de la Administraci\u00f3n P\u00fablica del Estado, la sesi\u00f3n fue encabezada por el titular de la SEGE, en calidad de presidente y cumpliendo con la presencia de los integrantes de la Junta Directiva, as\u00ed como autoridades educativas federales a trav\u00e9s de videoconferencia desde la Ciudad de M\u00e9xico.<\/p>\n","protected":false},"excerpt":{"rendered":"<p>N\u00e9stor Eduardo Garza \u00c1lvarez fue designado como rector por un periodo de hasta cuatro a\u00f1os, con opci\u00f3n de reelecci\u00f3n.<\/p>\n","protected":false},"author":4,"featured_media":31211,"comment_status":"closed","ping_status":"closed","sticky":false,"template":"","format":"standard","meta":{"_et_pb_use_builder":"off","_et_pb_old_content":"","_et_gb_content_width":"","footnotes":""},"categories":[280],"tags":[72,66,196,500],"class_list":["post-31210","post","type-post","status-publish","format-standard","has-post-thumbnail","hentry","category-gob-slp","tag-gobierno-del-estado","tag-san-luis-potosi","tag-sege","tag-upslp"],"_links":{"self":[{"href":"https:\/\/gerardoduque.com.mx\/index.php?rest_route=\/wp\/v2\/posts\/31210","targetHints":{"allow":["GET"]}}],"collection":[{"href":"https:\/\/gerardoduque.com.mx\/index.php?rest_route=\/wp\/v2\/posts"}],"about":[{"href":"https:\/\/gerardoduque.com.mx\/index.php?rest_route=\/wp\/v2\/types\/post"}],"author":[{"embeddable":true,"href":"https:\/\/gerardoduque.com.mx\/index.php?rest_route=\/wp\/v2\/users\/4"}],"replies":[{"embeddable":true,"href":"https:\/\/gerardoduque.com.mx\/index.php?rest_route=%2Fwp%2Fv2%2Fcomments&post=31210"}],"version-history":[{"count":0,"href":"https:\/\/gerardoduque.com.mx\/index.php?rest_route=\/wp\/v2\/posts\/31210\/revisions"}],"wp:featuredmedia":[{"embeddable":true,"href":"https:\/\/gerardoduque.com.mx\/index.php?rest_route=\/wp\/v2\/media\/31211"}],"wp:attachment":[{"href":"https:\/\/gerardoduque.com.mx\/index.php?rest_route=%2Fwp%2Fv2%2Fmedia&parent=31210"}],"wp:term":[{"taxonomy":"category","embeddable":true,"href":"https:\/\/gerardoduque.com.mx\/index.php?rest_route=%2Fwp%2Fv2%2Fcategories&post=31210"},{"taxonomy":"post_tag","embeddable":true,"href":"https:\/\/gerardoduque.com.mx\/index.php?rest_route=%2Fwp%2Fv2%2Ftags&post=31210"}],"curies":[{"name":"wp","href":"https:\/\/api.w.org\/{rel}","templated":true}]}}