{"id":31205,"date":"2024-11-05T10:31:54","date_gmt":"2024-11-05T16:31:54","guid":{"rendered":"https:\/\/gerardoduque.com.mx\/?p=31205"},"modified":"2024-11-05T10:31:58","modified_gmt":"2024-11-05T16:31:58","slug":"inicia-nuevo-diplomado-para-periodistas","status":"publish","type":"post","link":"https:\/\/gerardoduque.com.mx\/?p=31205","title":{"rendered":"INICIA NUEVO DIPLOMADO PARA PERIODISTAS"},"content":{"rendered":"\n<p>Para impulsar el desarrollo profesional con capacitaci\u00f3n y actualizaci\u00f3n de conocimientos en nuevas tecnolog\u00edas, la Secretar\u00eda General de Gobierno inaugur\u00f3 el diplomado en periodismo donde participan periodistas y personas defensoras de derechos humanos de Ciudad Valles y Rioverde, que fortalecer\u00e1n su conocimientos y herramientas con 10 m\u00f3dulos diversas sobre t\u00e9cnicas de periodismo impreso, digital y de plataformas.<\/p>\n\n\n\n<p>El diplomado se realiza en la sede de Ciudad Valles de la UASLP en diez m\u00f3dulos, que iniciaron el 25 de octubre y concluir\u00e1 el 25 de enero del 2025 y con tem\u00e1ticas b\u00e1sicas y de vanguardia tecnol\u00f3gica como multimedia, multiplataforma, redes sociales e inteligencia artificial en el campo del periodismo.<\/p>\n\n\n\n<p>El diplomado fue inaugurado por el secretario general de Gobierno, J. Guadalupe Torres S\u00e1nchez y la directora de la Facultad de Ciencias de la Comunicaci\u00f3n de la Universidad Aut\u00f3noma de San Luis Potos\u00ed quienes destacaron la importancia de la colaboraci\u00f3n interinstitucional en beneficio de la capacitaci\u00f3n a periodistas.<\/p>\n\n\n\n<p>El Mecanismo Estatal de Protecci\u00f3n a Personas Defensoras de Derechos Humanos y Periodistas al refrend\u00f3 el compromiso de brindarles m\u00e1s apoyo en el ejercicio de su profesi\u00f3n, ya que esta es la segunda ocasi\u00f3n que se designa un techo financiero para su capacitaci\u00f3n.<\/p>\n","protected":false},"excerpt":{"rendered":"<p>Est\u00e1 dirigido a quienes laboran en Ciudad Valles y Rioverde y constar\u00e1 de 10 m\u00f3dulos.<\/p>\n","protected":false},"author":4,"featured_media":31206,"comment_status":"closed","ping_status":"closed","sticky":false,"template":"","format":"standard","meta":{"_et_pb_use_builder":"off","_et_pb_old_content":"","_et_gb_content_width":"","footnotes":""},"categories":[412,280],"tags":[72,66],"class_list":["post-31205","post","type-post","status-publish","format-standard","has-post-thumbnail","hentry","category-destacado","category-gob-slp","tag-gobierno-del-estado","tag-san-luis-potosi"],"_links":{"self":[{"href":"https:\/\/gerardoduque.com.mx\/index.php?rest_route=\/wp\/v2\/posts\/31205","targetHints":{"allow":["GET"]}}],"collection":[{"href":"https:\/\/gerardoduque.com.mx\/index.php?rest_route=\/wp\/v2\/posts"}],"about":[{"href":"https:\/\/gerardoduque.com.mx\/index.php?rest_route=\/wp\/v2\/types\/post"}],"author":[{"embeddable":true,"href":"https:\/\/gerardoduque.com.mx\/index.php?rest_route=\/wp\/v2\/users\/4"}],"replies":[{"embeddable":true,"href":"https:\/\/gerardoduque.com.mx\/index.php?rest_route=%2Fwp%2Fv2%2Fcomments&post=31205"}],"version-history":[{"count":0,"href":"https:\/\/gerardoduque.com.mx\/index.php?rest_route=\/wp\/v2\/posts\/31205\/revisions"}],"wp:featuredmedia":[{"embeddable":true,"href":"https:\/\/gerardoduque.com.mx\/index.php?rest_route=\/wp\/v2\/media\/31206"}],"wp:attachment":[{"href":"https:\/\/gerardoduque.com.mx\/index.php?rest_route=%2Fwp%2Fv2%2Fmedia&parent=31205"}],"wp:term":[{"taxonomy":"category","embeddable":true,"href":"https:\/\/gerardoduque.com.mx\/index.php?rest_route=%2Fwp%2Fv2%2Fcategories&post=31205"},{"taxonomy":"post_tag","embeddable":true,"href":"https:\/\/gerardoduque.com.mx\/index.php?rest_route=%2Fwp%2Fv2%2Ftags&post=31205"}],"curies":[{"name":"wp","href":"https:\/\/api.w.org\/{rel}","templated":true}]}}