{"id":31198,"date":"2024-11-05T07:23:58","date_gmt":"2024-11-05T13:23:58","guid":{"rendered":"https:\/\/gerardoduque.com.mx\/?p=31198"},"modified":"2024-11-05T07:24:03","modified_gmt":"2024-11-05T13:24:03","slug":"clausuran-cuatro-centros-nocturnos-en-la-capital-potosina","status":"publish","type":"post","link":"https:\/\/gerardoduque.com.mx\/?p=31198","title":{"rendered":"CLAUSURAN CUATRO CENTROS NOCTURNOS EN LA CAPITAL POTOSINA"},"content":{"rendered":"\n<p>La Coordinaci\u00f3n Estatal de Protecci\u00f3n Civil y la Direcci\u00f3n de Gobernaci\u00f3n, llev\u00f3 a cabo este fin de semana un operativo que result\u00f3 en cuatro clausuras totales, entre ellas la de un centro nocturno, denominado RED, donde se registr\u00f3 una ri\u00f1a.<\/p>\n\n\n\n<p>Para verificar establecimientos que no cumplen con la Ley de Alcoholes y la Ley del Sistema Estatal de Protecci\u00f3n Civil vigentes en la entidad, las dependencias estatales implementaron un operativo donde verificaron siete establecimientos con giro de restaurante bar, bar o centros nocturnos, detall\u00f3 el director de la CEPC.<\/p>\n\n\n\n<p>Los establecimientos no presentaron su Programa Interno de Protecci\u00f3n Civil, sus capacitaciones, sus dict\u00e1menes el\u00e9ctricos, de gas, ni presentaron seguro de responsabilidad civil, tras recordar que hay permanentemente inspecciones ya que se debe de garantizar la seguridad de las personas que asisten a divertirse a estos establecimientos.<\/p>\n","protected":false},"excerpt":{"rendered":"<p>Se realiz\u00f3 un operativo en siete establecimientos.<\/p>\n","protected":false},"author":4,"featured_media":31199,"comment_status":"closed","ping_status":"closed","sticky":false,"template":"","format":"standard","meta":{"_et_pb_use_builder":"off","_et_pb_old_content":"","_et_gb_content_width":"","footnotes":""},"categories":[412,280],"tags":[190,72,66],"class_list":["post-31198","post","type-post","status-publish","format-standard","has-post-thumbnail","hentry","category-destacado","category-gob-slp","tag-cepc","tag-gobierno-del-estado","tag-san-luis-potosi"],"_links":{"self":[{"href":"https:\/\/gerardoduque.com.mx\/index.php?rest_route=\/wp\/v2\/posts\/31198","targetHints":{"allow":["GET"]}}],"collection":[{"href":"https:\/\/gerardoduque.com.mx\/index.php?rest_route=\/wp\/v2\/posts"}],"about":[{"href":"https:\/\/gerardoduque.com.mx\/index.php?rest_route=\/wp\/v2\/types\/post"}],"author":[{"embeddable":true,"href":"https:\/\/gerardoduque.com.mx\/index.php?rest_route=\/wp\/v2\/users\/4"}],"replies":[{"embeddable":true,"href":"https:\/\/gerardoduque.com.mx\/index.php?rest_route=%2Fwp%2Fv2%2Fcomments&post=31198"}],"version-history":[{"count":0,"href":"https:\/\/gerardoduque.com.mx\/index.php?rest_route=\/wp\/v2\/posts\/31198\/revisions"}],"wp:featuredmedia":[{"embeddable":true,"href":"https:\/\/gerardoduque.com.mx\/index.php?rest_route=\/wp\/v2\/media\/31199"}],"wp:attachment":[{"href":"https:\/\/gerardoduque.com.mx\/index.php?rest_route=%2Fwp%2Fv2%2Fmedia&parent=31198"}],"wp:term":[{"taxonomy":"category","embeddable":true,"href":"https:\/\/gerardoduque.com.mx\/index.php?rest_route=%2Fwp%2Fv2%2Fcategories&post=31198"},{"taxonomy":"post_tag","embeddable":true,"href":"https:\/\/gerardoduque.com.mx\/index.php?rest_route=%2Fwp%2Fv2%2Ftags&post=31198"}],"curies":[{"name":"wp","href":"https:\/\/api.w.org\/{rel}","templated":true}]}}