{"id":31190,"date":"2024-11-04T07:02:26","date_gmt":"2024-11-04T13:02:26","guid":{"rendered":"https:\/\/gerardoduque.com.mx\/?p=31190"},"modified":"2024-11-04T07:02:29","modified_gmt":"2024-11-04T13:02:29","slug":"promueven-produccion-de-nopal-para-autoconsumo-y-forrajero","status":"publish","type":"post","link":"https:\/\/gerardoduque.com.mx\/?p=31190","title":{"rendered":"PROMUEVEN PRODUCCI\u00d3N DE NOPAL PARA AUTOCONSUMO Y FORRAJERO"},"content":{"rendered":"\n<p>M\u00e1s de 200 mujeres de Moctezuma y Venado, recibieron por parte de la Secretar\u00eda de Desarrollo Agropecuario y Recursos Humanos miles de raquetas de nopal verdura y forrajero, para un proyecto piloto de reforestaci\u00f3n, autoconsumo y de ganader\u00eda.<\/p>\n\n\n\n<p>Para seguir impulsando cultivos resistentes al cambio clim\u00e1tico y la sequ\u00eda extrema, as\u00ed como fortalecer la econom\u00eda de las mujeres potosinas, la Sedarh en colaboraci\u00f3n con los gobiernos municipales de Moctezuma y Venado, env\u00edo m\u00e1s de nueve mil raquetas de nopal para iniciar la producci\u00f3n de alimentos para 200 familias y forraje para el ganado.&nbsp;<\/p>\n\n\n\n<p>El objetivo es establecer centros regionales de producci\u00f3n para el abasto de nuevos grupos productivos en las cuatro regiones.<\/p>\n","protected":false},"excerpt":{"rendered":"<p>Se distribuy\u00f3 nopal para autoconsumo y forrajero a 200 potosinas del Altiplano.<\/p>\n","protected":false},"author":4,"featured_media":31191,"comment_status":"closed","ping_status":"closed","sticky":false,"template":"","format":"standard","meta":{"_et_pb_use_builder":"off","_et_pb_old_content":"","_et_gb_content_width":"","footnotes":""},"categories":[280],"tags":[72,66,234],"class_list":["post-31190","post","type-post","status-publish","format-standard","has-post-thumbnail","hentry","category-gob-slp","tag-gobierno-del-estado","tag-san-luis-potosi","tag-sedarh"],"_links":{"self":[{"href":"https:\/\/gerardoduque.com.mx\/index.php?rest_route=\/wp\/v2\/posts\/31190","targetHints":{"allow":["GET"]}}],"collection":[{"href":"https:\/\/gerardoduque.com.mx\/index.php?rest_route=\/wp\/v2\/posts"}],"about":[{"href":"https:\/\/gerardoduque.com.mx\/index.php?rest_route=\/wp\/v2\/types\/post"}],"author":[{"embeddable":true,"href":"https:\/\/gerardoduque.com.mx\/index.php?rest_route=\/wp\/v2\/users\/4"}],"replies":[{"embeddable":true,"href":"https:\/\/gerardoduque.com.mx\/index.php?rest_route=%2Fwp%2Fv2%2Fcomments&post=31190"}],"version-history":[{"count":0,"href":"https:\/\/gerardoduque.com.mx\/index.php?rest_route=\/wp\/v2\/posts\/31190\/revisions"}],"wp:featuredmedia":[{"embeddable":true,"href":"https:\/\/gerardoduque.com.mx\/index.php?rest_route=\/wp\/v2\/media\/31191"}],"wp:attachment":[{"href":"https:\/\/gerardoduque.com.mx\/index.php?rest_route=%2Fwp%2Fv2%2Fmedia&parent=31190"}],"wp:term":[{"taxonomy":"category","embeddable":true,"href":"https:\/\/gerardoduque.com.mx\/index.php?rest_route=%2Fwp%2Fv2%2Fcategories&post=31190"},{"taxonomy":"post_tag","embeddable":true,"href":"https:\/\/gerardoduque.com.mx\/index.php?rest_route=%2Fwp%2Fv2%2Ftags&post=31190"}],"curies":[{"name":"wp","href":"https:\/\/api.w.org\/{rel}","templated":true}]}}