{"id":31175,"date":"2024-11-03T14:06:37","date_gmt":"2024-11-03T20:06:37","guid":{"rendered":"https:\/\/gerardoduque.com.mx\/?p=31175"},"modified":"2024-11-03T14:06:41","modified_gmt":"2024-11-03T20:06:41","slug":"se-realizo-concurso-de-altar-de-muertos-de-dependencias-del-estado","status":"publish","type":"post","link":"https:\/\/gerardoduque.com.mx\/?p=31175","title":{"rendered":"SE REALIZ\u00d3 CONCURSO DE ALTAR DE MUERTOS DE DEPENDENCIAS DEL ESTADO"},"content":{"rendered":"\n<p>Para promover las tradiciones que dan identidad a los potosinos, la Oficial\u00eda Mayor, a trav\u00e9s de su direcci\u00f3n de Desarrollo Humano, realiz\u00f3 el tradicional concurso \u201cAltar de Muertos 2024\u201d, entre las dependencias del Gobierno del Estado, en donde participaron 35 \u00e1reas en las categor\u00edas de altar tradicional y altar monumental.<\/p>\n\n\n\n<p>En el concurso, algunos participantes buscaron honrar a compa\u00f1eros trabajadores, otros promovieron el legado de hombres y mujeres potosinas ilustres como Mar\u00eda Pons, Cristina Jalomo y Mar\u00eda Marcos Cedillo, as\u00ed como a h\u00e9roes y hero\u00ednas que han sido donadores de \u00f3rganos, adem\u00e1s de artistas emblem\u00e1ticos de M\u00e9xico como Guadalupe Posadas y Chespirito, cada uno con un toque \u00fanico y creativo donde demostraron el trabajo en equipo en cada dependencia.&nbsp;<\/p>\n\n\n\n<p>Se agradeci\u00f3 el esfuerzo de cada una de los trabajadores que participaron y explic\u00f3 que el veredicto del jurado se dar\u00e1 a conocer el 4 de noviembre con los altares ganadores.<\/p>\n","protected":false},"excerpt":{"rendered":"<p>Participaron 35 \u00e1reas en las categor\u00edas de altar tradicional y altar monumental.<\/p>\n","protected":false},"author":4,"featured_media":31176,"comment_status":"closed","ping_status":"closed","sticky":false,"template":"","format":"standard","meta":{"_et_pb_use_builder":"off","_et_pb_old_content":"","_et_gb_content_width":"","footnotes":""},"categories":[280],"tags":[72,289,66],"class_list":["post-31175","post","type-post","status-publish","format-standard","has-post-thumbnail","hentry","category-gob-slp","tag-gobierno-del-estado","tag-oficialia-mayor","tag-san-luis-potosi"],"_links":{"self":[{"href":"https:\/\/gerardoduque.com.mx\/index.php?rest_route=\/wp\/v2\/posts\/31175","targetHints":{"allow":["GET"]}}],"collection":[{"href":"https:\/\/gerardoduque.com.mx\/index.php?rest_route=\/wp\/v2\/posts"}],"about":[{"href":"https:\/\/gerardoduque.com.mx\/index.php?rest_route=\/wp\/v2\/types\/post"}],"author":[{"embeddable":true,"href":"https:\/\/gerardoduque.com.mx\/index.php?rest_route=\/wp\/v2\/users\/4"}],"replies":[{"embeddable":true,"href":"https:\/\/gerardoduque.com.mx\/index.php?rest_route=%2Fwp%2Fv2%2Fcomments&post=31175"}],"version-history":[{"count":0,"href":"https:\/\/gerardoduque.com.mx\/index.php?rest_route=\/wp\/v2\/posts\/31175\/revisions"}],"wp:featuredmedia":[{"embeddable":true,"href":"https:\/\/gerardoduque.com.mx\/index.php?rest_route=\/wp\/v2\/media\/31176"}],"wp:attachment":[{"href":"https:\/\/gerardoduque.com.mx\/index.php?rest_route=%2Fwp%2Fv2%2Fmedia&parent=31175"}],"wp:term":[{"taxonomy":"category","embeddable":true,"href":"https:\/\/gerardoduque.com.mx\/index.php?rest_route=%2Fwp%2Fv2%2Fcategories&post=31175"},{"taxonomy":"post_tag","embeddable":true,"href":"https:\/\/gerardoduque.com.mx\/index.php?rest_route=%2Fwp%2Fv2%2Ftags&post=31175"}],"curies":[{"name":"wp","href":"https:\/\/api.w.org\/{rel}","templated":true}]}}