{"id":31166,"date":"2024-11-03T13:36:45","date_gmt":"2024-11-03T19:36:45","guid":{"rendered":"https:\/\/gerardoduque.com.mx\/?p=31166"},"modified":"2024-11-03T13:36:50","modified_gmt":"2024-11-03T19:36:50","slug":"estado-respalda-el-crecimiento-de-villa-de-pozos","status":"publish","type":"post","link":"https:\/\/gerardoduque.com.mx\/?p=31166","title":{"rendered":"ESTADO RESPALDA EL CRECIMIENTO DE VILLA DE POZOS"},"content":{"rendered":"\n<p>Para seguir acercando m\u00e1s apoyo a las y los habitantes de Villa de Pozos, el Gobierno del Estado mantiene respaldo con el municipio para alcanzar un crecimiento ordenado, moderno, con planeaci\u00f3n urbana y servicios p\u00fablicos eficientes, para los pr\u00f3ximos a\u00f1os, para mejorar la calidad de vida de las familias.<\/p>\n\n\n\n<p>De acuerdo con el secretario general de Gobierno, J. Guadalupe Torres S\u00e1nchez, luego de reunirse con Mar\u00eda Teresa de Jes\u00fas Rivera Acevedo, Concejal Presidente de Villa de Pozos, se contemplan proyectos de transformaci\u00f3n para consolidar una mejor infraestructura y econom\u00eda.<\/p>\n\n\n\n<p>La reuni\u00f3n tuvo el objetivo de coadyuvar con el crecimiento sostenible del municipio, sumando esfuerzos con todos los sectores de la sociedad para dise\u00f1ar instituciones s\u00f3lidas, con planes y programas en beneficio de sus habitantes.<\/p>\n\n\n\n<p>Por su parte la Concejal Presidente del ayuntamiento, dijo que uno de los acuerdos que se tom\u00f3 en esta reuni\u00f3n es mantener la relaci\u00f3n interinstitucional y con otros sectores, como la iniciativa privada, con el fin de garantizar que Villa de Pozos tenga servicios p\u00fablicos m\u00e1s eficientes, por lo que anunci\u00f3 que se trabaja en un proyecto para implementar una ventanilla simplificada que agilice los tr\u00e1mites.<\/p>\n","protected":false},"excerpt":{"rendered":"<p>La administraci\u00f3n estatal respalda a Villa de Pozos para que tenga un crecimiento ordenado, moderno, con planeaci\u00f3n y servicios p\u00fablicos<\/p>\n","protected":false},"author":4,"featured_media":31170,"comment_status":"closed","ping_status":"closed","sticky":false,"template":"","format":"standard","meta":{"_et_pb_use_builder":"off","_et_pb_old_content":"","_et_gb_content_width":"","footnotes":""},"categories":[412,280],"tags":[72,66,394],"class_list":["post-31166","post","type-post","status-publish","format-standard","has-post-thumbnail","hentry","category-destacado","category-gob-slp","tag-gobierno-del-estado","tag-san-luis-potosi","tag-sgg"],"_links":{"self":[{"href":"https:\/\/gerardoduque.com.mx\/index.php?rest_route=\/wp\/v2\/posts\/31166","targetHints":{"allow":["GET"]}}],"collection":[{"href":"https:\/\/gerardoduque.com.mx\/index.php?rest_route=\/wp\/v2\/posts"}],"about":[{"href":"https:\/\/gerardoduque.com.mx\/index.php?rest_route=\/wp\/v2\/types\/post"}],"author":[{"embeddable":true,"href":"https:\/\/gerardoduque.com.mx\/index.php?rest_route=\/wp\/v2\/users\/4"}],"replies":[{"embeddable":true,"href":"https:\/\/gerardoduque.com.mx\/index.php?rest_route=%2Fwp%2Fv2%2Fcomments&post=31166"}],"version-history":[{"count":0,"href":"https:\/\/gerardoduque.com.mx\/index.php?rest_route=\/wp\/v2\/posts\/31166\/revisions"}],"wp:featuredmedia":[{"embeddable":true,"href":"https:\/\/gerardoduque.com.mx\/index.php?rest_route=\/wp\/v2\/media\/31170"}],"wp:attachment":[{"href":"https:\/\/gerardoduque.com.mx\/index.php?rest_route=%2Fwp%2Fv2%2Fmedia&parent=31166"}],"wp:term":[{"taxonomy":"category","embeddable":true,"href":"https:\/\/gerardoduque.com.mx\/index.php?rest_route=%2Fwp%2Fv2%2Fcategories&post=31166"},{"taxonomy":"post_tag","embeddable":true,"href":"https:\/\/gerardoduque.com.mx\/index.php?rest_route=%2Fwp%2Fv2%2Ftags&post=31166"}],"curies":[{"name":"wp","href":"https:\/\/api.w.org\/{rel}","templated":true}]}}