{"id":31164,"date":"2024-11-03T10:52:51","date_gmt":"2024-11-03T16:52:51","guid":{"rendered":"https:\/\/gerardoduque.com.mx\/?p=31164"},"modified":"2024-11-03T10:52:55","modified_gmt":"2024-11-03T16:52:55","slug":"division-caminos-de-la-gce-se-suma-a-caravana-migrante-2024","status":"publish","type":"post","link":"https:\/\/gerardoduque.com.mx\/?p=31164","title":{"rendered":"DIVISI\u00d3N CAMINOS DE LA GCE\u00a0SE SUMA A CARAVANA MIGRANTE 2024"},"content":{"rendered":"\n<p>Para brindar acompa\u00f1amiento a los connacionales potosinos y de estados vecinos, en su regreso a M\u00e9xico por la temporada vacacional decembrina, la Divisi\u00f3n Caminos de la Guardia Civil Estatal reafirm\u00f3 su compromiso con la vigilancia permanente en carreteras, brechas y caminos estatales brindando su respaldo a las personas que transitan por el Estado.<\/p>\n\n\n\n<p>Como parte de las acciones previas, la Divisi\u00f3n Caminos particip\u00f3 en la reuni\u00f3n de trabajo con presidentes municipales sobre pol\u00edtica migratoria y la presentaci\u00f3n de la Caravana del Migrante Potosino 2024, en el municipio de Villa de Pozos, dio a conocer su titular.<\/p>\n\n\n\n<p>Este encuentro est\u00e1 pensado en asegurar condiciones de seguridad y acompa\u00f1amiento para la caravana migrante, en la que la Guardia Civil Estatal tiene el compromiso de coordinar esfuerzos con autoridades municipales para garantizar que el tr\u00e1nsito de las personas que ser\u00e1n part\u00edcipes suceda de la mejor manera posible.<\/p>\n","protected":false},"excerpt":{"rendered":"<p>La dependencia atender\u00e1 a connacionales que ingresan a territorio potosino.<\/p>\n","protected":false},"author":4,"featured_media":28996,"comment_status":"closed","ping_status":"closed","sticky":false,"template":"","format":"standard","meta":{"_et_pb_use_builder":"off","_et_pb_old_content":"","_et_gb_content_width":"","footnotes":""},"categories":[280],"tags":[390,72,66],"class_list":["post-31164","post","type-post","status-publish","format-standard","has-post-thumbnail","hentry","category-gob-slp","tag-gce","tag-gobierno-del-estado","tag-san-luis-potosi"],"_links":{"self":[{"href":"https:\/\/gerardoduque.com.mx\/index.php?rest_route=\/wp\/v2\/posts\/31164","targetHints":{"allow":["GET"]}}],"collection":[{"href":"https:\/\/gerardoduque.com.mx\/index.php?rest_route=\/wp\/v2\/posts"}],"about":[{"href":"https:\/\/gerardoduque.com.mx\/index.php?rest_route=\/wp\/v2\/types\/post"}],"author":[{"embeddable":true,"href":"https:\/\/gerardoduque.com.mx\/index.php?rest_route=\/wp\/v2\/users\/4"}],"replies":[{"embeddable":true,"href":"https:\/\/gerardoduque.com.mx\/index.php?rest_route=%2Fwp%2Fv2%2Fcomments&post=31164"}],"version-history":[{"count":0,"href":"https:\/\/gerardoduque.com.mx\/index.php?rest_route=\/wp\/v2\/posts\/31164\/revisions"}],"wp:featuredmedia":[{"embeddable":true,"href":"https:\/\/gerardoduque.com.mx\/index.php?rest_route=\/wp\/v2\/media\/28996"}],"wp:attachment":[{"href":"https:\/\/gerardoduque.com.mx\/index.php?rest_route=%2Fwp%2Fv2%2Fmedia&parent=31164"}],"wp:term":[{"taxonomy":"category","embeddable":true,"href":"https:\/\/gerardoduque.com.mx\/index.php?rest_route=%2Fwp%2Fv2%2Fcategories&post=31164"},{"taxonomy":"post_tag","embeddable":true,"href":"https:\/\/gerardoduque.com.mx\/index.php?rest_route=%2Fwp%2Fv2%2Ftags&post=31164"}],"curies":[{"name":"wp","href":"https:\/\/api.w.org\/{rel}","templated":true}]}}