{"id":31162,"date":"2024-11-03T10:46:38","date_gmt":"2024-11-03T16:46:38","guid":{"rendered":"https:\/\/gerardoduque.com.mx\/?p=31162"},"modified":"2024-11-03T10:46:42","modified_gmt":"2024-11-03T16:46:42","slug":"ofrecen-apoyo-a-victimas-de-accidente-carretero-en-el-tramo-ciudad-valles-el-naranjo","status":"publish","type":"post","link":"https:\/\/gerardoduque.com.mx\/?p=31162","title":{"rendered":"OFRECEN APOYO A V\u00cdCTIMAS DE ACCIDENTE CARRETERO EN EL TRAMO CIUDAD VALLES-EL NARANJO"},"content":{"rendered":"\n<p>A trav\u00e9s de la Comisi\u00f3n Ejecutiva Estatal de Atenci\u00f3n a V\u00edctimas se brind\u00f3 apoyo y acompa\u00f1amiento inmediato a las personas que resultaron lesionadas en el accidente carretero registrado en el tramo Ciudad Valles-El Naranjo.<\/p>\n\n\n\n<p>Personal de la CEEAV en la unidad de Ciudad Valles acudi\u00f3 al sitio del accidente, donde de manera preliminar fueron contabilizadas 20 personas lesionadas que fueron canalizadas a centros hospitalarios cercanos, inform\u00f3 el comisionado Estatal de Atenci\u00f3n a V\u00edctimas.<\/p>\n\n\n\n<p>LaCEEAV tambi\u00e9n entabl\u00f3 comunicaci\u00f3n con los familiares para agilizar los procesos en los tr\u00e1mites que se requieran.<\/p>\n\n\n\n<p>Se a\u00f1adi\u00f3 que el reporte final de personas lesionadas estar\u00e1 completo en pr\u00f3ximas horas y el personal de esta Comisi\u00f3n estar\u00e1 atento para verificar que los lesionados reciban atenci\u00f3n, seguimiento m\u00e9dico u hospitalario y tambi\u00e9n vigilar\u00e1, que el Ministerio P\u00fablico haga responsable de los gastos a la empresa del transporte tur\u00edstico privado.<\/p>\n","protected":false},"excerpt":{"rendered":"<p>De manera preliminar fueron contabilizadas 20 personas lesionadas que requirieron atenci\u00f3n m\u00e9dica.<\/p>\n","protected":false},"author":4,"featured_media":31138,"comment_status":"closed","ping_status":"closed","sticky":false,"template":"","format":"standard","meta":{"_et_pb_use_builder":"off","_et_pb_old_content":"","_et_gb_content_width":"","footnotes":""},"categories":[280],"tags":[346,72,66],"class_list":["post-31162","post","type-post","status-publish","format-standard","has-post-thumbnail","hentry","category-gob-slp","tag-ceeav","tag-gobierno-del-estado","tag-san-luis-potosi"],"_links":{"self":[{"href":"https:\/\/gerardoduque.com.mx\/index.php?rest_route=\/wp\/v2\/posts\/31162","targetHints":{"allow":["GET"]}}],"collection":[{"href":"https:\/\/gerardoduque.com.mx\/index.php?rest_route=\/wp\/v2\/posts"}],"about":[{"href":"https:\/\/gerardoduque.com.mx\/index.php?rest_route=\/wp\/v2\/types\/post"}],"author":[{"embeddable":true,"href":"https:\/\/gerardoduque.com.mx\/index.php?rest_route=\/wp\/v2\/users\/4"}],"replies":[{"embeddable":true,"href":"https:\/\/gerardoduque.com.mx\/index.php?rest_route=%2Fwp%2Fv2%2Fcomments&post=31162"}],"version-history":[{"count":0,"href":"https:\/\/gerardoduque.com.mx\/index.php?rest_route=\/wp\/v2\/posts\/31162\/revisions"}],"wp:featuredmedia":[{"embeddable":true,"href":"https:\/\/gerardoduque.com.mx\/index.php?rest_route=\/wp\/v2\/media\/31138"}],"wp:attachment":[{"href":"https:\/\/gerardoduque.com.mx\/index.php?rest_route=%2Fwp%2Fv2%2Fmedia&parent=31162"}],"wp:term":[{"taxonomy":"category","embeddable":true,"href":"https:\/\/gerardoduque.com.mx\/index.php?rest_route=%2Fwp%2Fv2%2Fcategories&post=31162"},{"taxonomy":"post_tag","embeddable":true,"href":"https:\/\/gerardoduque.com.mx\/index.php?rest_route=%2Fwp%2Fv2%2Ftags&post=31162"}],"curies":[{"name":"wp","href":"https:\/\/api.w.org\/{rel}","templated":true}]}}