{"id":31159,"date":"2024-11-03T10:41:47","date_gmt":"2024-11-03T16:41:47","guid":{"rendered":"https:\/\/gerardoduque.com.mx\/?p=31159"},"modified":"2024-11-03T10:41:52","modified_gmt":"2024-11-03T16:41:52","slug":"se-realizan-encuentro-multicultural-por-dia-muertos-en-santa-catarina","status":"publish","type":"post","link":"https:\/\/gerardoduque.com.mx\/?p=31159","title":{"rendered":"SE REALIZAN ENCUENTRO MULTICULTURAL POR D\u00cdA MUERTOS EN SANTA CATARINA"},"content":{"rendered":"\n<p>Dentro de las acciones para preservar y promover la transmisi\u00f3n de costumbres y tradiciones, as\u00ed como exponer la cosmovisi\u00f3n de los pueblos originarios N\u00e1huatl, T\u00e9nek y Xi\u00b4iuy, la Secretar\u00eda de Educaci\u00f3n de Gobierno del Estado realiz\u00f3 un encuentro multicultural en la localidad de Santa Mar\u00eda Acapulco, en Santa Catarina.&nbsp;<\/p>\n\n\n\n<p>Tras una demostraci\u00f3n de bailables, altares y expresi\u00f3n literaria sobre el significado del D\u00eda de Muertos para cada etnia ind\u00edgena, se expres\u00f3 que este tipo de actividades comunitarias adem\u00e1s de ser espacios de encuentro social, promueven el turismo y la participaci\u00f3n entre integrantes de comunidades ind\u00edgenas para difundir y conservar sus usos y costumbres.<\/p>\n\n\n\n<p>Se reconoci\u00f3 el esfuerzo de la direcci\u00f3n de educaci\u00f3n ind\u00edgena, biling\u00fce e intercultural por impulsar y ofrecer con estas actividades, una oportunidad para educar a las nuevas generaciones sobre la importancia del respeto a los ancestros y las tradiciones y que tiene un impacto profundo en la vida cultural, social y econ\u00f3mica de la regi\u00f3n, contribuyendo a la riqueza y diversidad del patrimonio mexicano.<\/p>\n","protected":false},"excerpt":{"rendered":"<p>En el acercamiento multicultural, participaron personas N\u00e1huatl, T\u00e9nek y Xi\u00b4iuy en el Estado.<\/p>\n","protected":false},"author":4,"featured_media":31160,"comment_status":"closed","ping_status":"closed","sticky":false,"template":"","format":"standard","meta":{"_et_pb_use_builder":"off","_et_pb_old_content":"","_et_gb_content_width":"","footnotes":""},"categories":[280],"tags":[72,66,196],"class_list":["post-31159","post","type-post","status-publish","format-standard","has-post-thumbnail","hentry","category-gob-slp","tag-gobierno-del-estado","tag-san-luis-potosi","tag-sege"],"_links":{"self":[{"href":"https:\/\/gerardoduque.com.mx\/index.php?rest_route=\/wp\/v2\/posts\/31159","targetHints":{"allow":["GET"]}}],"collection":[{"href":"https:\/\/gerardoduque.com.mx\/index.php?rest_route=\/wp\/v2\/posts"}],"about":[{"href":"https:\/\/gerardoduque.com.mx\/index.php?rest_route=\/wp\/v2\/types\/post"}],"author":[{"embeddable":true,"href":"https:\/\/gerardoduque.com.mx\/index.php?rest_route=\/wp\/v2\/users\/4"}],"replies":[{"embeddable":true,"href":"https:\/\/gerardoduque.com.mx\/index.php?rest_route=%2Fwp%2Fv2%2Fcomments&post=31159"}],"version-history":[{"count":0,"href":"https:\/\/gerardoduque.com.mx\/index.php?rest_route=\/wp\/v2\/posts\/31159\/revisions"}],"wp:featuredmedia":[{"embeddable":true,"href":"https:\/\/gerardoduque.com.mx\/index.php?rest_route=\/wp\/v2\/media\/31160"}],"wp:attachment":[{"href":"https:\/\/gerardoduque.com.mx\/index.php?rest_route=%2Fwp%2Fv2%2Fmedia&parent=31159"}],"wp:term":[{"taxonomy":"category","embeddable":true,"href":"https:\/\/gerardoduque.com.mx\/index.php?rest_route=%2Fwp%2Fv2%2Fcategories&post=31159"},{"taxonomy":"post_tag","embeddable":true,"href":"https:\/\/gerardoduque.com.mx\/index.php?rest_route=%2Fwp%2Fv2%2Ftags&post=31159"}],"curies":[{"name":"wp","href":"https:\/\/api.w.org\/{rel}","templated":true}]}}