{"id":31140,"date":"2024-11-02T11:04:43","date_gmt":"2024-11-02T17:04:43","guid":{"rendered":"https:\/\/gerardoduque.com.mx\/?p=31140"},"modified":"2024-11-02T12:17:45","modified_gmt":"2024-11-02T18:17:45","slug":"gce-rinde-homenage-a-la-memoria-de-elementos-caidos-en-cumplimiento","status":"publish","type":"post","link":"https:\/\/gerardoduque.com.mx\/?p=31140","title":{"rendered":"GCE RINDE HOMENAJE A LA MEMORIA DE ELEMENTOS CA\u00cdDOS EN CUMPLIMIENTO"},"content":{"rendered":"\n<p>Para rendir honor a los compa\u00f1eros que partieron de este mundo, la Guardia Civil Estatal como cada a\u00f1o, instal\u00f3 su tradicional altar de muertos para recordar a quienes se adelantaron en el camino, ca\u00eddos en el cumplimiento de sus labores, tambi\u00e9n por enfermedades o por muerte natural.<\/p>\n\n\n\n<p>Este a\u00f1o, el altar estuvo a cargo del departamento de Dise\u00f1o de la GCE en conjunto con el Archivo Hist\u00f3rico, quienes se enfocaron en la importancia de la vida despu\u00e9s de la muerte, esa trascendencia de los recuerdos de aquellos seres queridos que se adelantaron en el camino pero que contin\u00faan acompa\u00f1ando d\u00eda con d\u00eda en las labores de combate.<\/p>\n\n\n\n<p>Un total de 247 agentes son los que se encuentran presentes en este altar, que busca enaltecer su memoria con los art\u00edculos que m\u00e1s apreciaban, alimentos que disfrutaban y tambi\u00e9n de su segunda piel, es decir el uniforme que diariamente portaron con honor.<\/p>\n\n\n\n<p>El altar de muertos est\u00e1 abierto al p\u00fablico desde el mi\u00e9rcoles 30 de octubre, ubicado en las escalinatas de la comandancia central de la Guardia Civil Estatal, en Insurgentes #300, en la zona centro de la capital.<\/p>\n\n\n\n<figure class=\"wp-block-image size-large is-resized\"><img decoding=\"async\" width=\"1024\" height=\"682\" src=\"https:\/\/gerardoduque.com.mx\/wp-content\/uploads\/2024\/11\/011124-11125-GUARDIA-CIVIL-ESTATAL-HONRA-LA-MEMORIA-DE-COMPANEROS-CAIDOS-EN-CUMPLIMIENTO-6-1024x682.jpeg\" alt=\"\" class=\"wp-image-31143\" style=\"width:602px;height:auto\" srcset=\"https:\/\/gerardoduque.com.mx\/wp-content\/uploads\/2024\/11\/011124-11125-GUARDIA-CIVIL-ESTATAL-HONRA-LA-MEMORIA-DE-COMPANEROS-CAIDOS-EN-CUMPLIMIENTO-6-980x653.jpeg 980w, https:\/\/gerardoduque.com.mx\/wp-content\/uploads\/2024\/11\/011124-11125-GUARDIA-CIVIL-ESTATAL-HONRA-LA-MEMORIA-DE-COMPANEROS-CAIDOS-EN-CUMPLIMIENTO-6-480x320.jpeg 480w\" sizes=\"(min-width: 0px) and (max-width: 480px) 480px, (min-width: 481px) and (max-width: 980px) 980px, (min-width: 981px) 1024px, 100vw\" \/><\/figure>\n","protected":false},"excerpt":{"rendered":"<p>La corporaci\u00f3n estatal homenajea con un altar de muertos a quienes cayeron en el cumplimiento de su labor.<\/p>\n","protected":false},"author":4,"featured_media":31141,"comment_status":"closed","ping_status":"closed","sticky":false,"template":"","format":"standard","meta":{"_et_pb_use_builder":"off","_et_pb_old_content":"","_et_gb_content_width":"","footnotes":""},"categories":[280],"tags":[390,72,66],"class_list":["post-31140","post","type-post","status-publish","format-standard","has-post-thumbnail","hentry","category-gob-slp","tag-gce","tag-gobierno-del-estado","tag-san-luis-potosi"],"_links":{"self":[{"href":"https:\/\/gerardoduque.com.mx\/index.php?rest_route=\/wp\/v2\/posts\/31140","targetHints":{"allow":["GET"]}}],"collection":[{"href":"https:\/\/gerardoduque.com.mx\/index.php?rest_route=\/wp\/v2\/posts"}],"about":[{"href":"https:\/\/gerardoduque.com.mx\/index.php?rest_route=\/wp\/v2\/types\/post"}],"author":[{"embeddable":true,"href":"https:\/\/gerardoduque.com.mx\/index.php?rest_route=\/wp\/v2\/users\/4"}],"replies":[{"embeddable":true,"href":"https:\/\/gerardoduque.com.mx\/index.php?rest_route=%2Fwp%2Fv2%2Fcomments&post=31140"}],"version-history":[{"count":0,"href":"https:\/\/gerardoduque.com.mx\/index.php?rest_route=\/wp\/v2\/posts\/31140\/revisions"}],"wp:featuredmedia":[{"embeddable":true,"href":"https:\/\/gerardoduque.com.mx\/index.php?rest_route=\/wp\/v2\/media\/31141"}],"wp:attachment":[{"href":"https:\/\/gerardoduque.com.mx\/index.php?rest_route=%2Fwp%2Fv2%2Fmedia&parent=31140"}],"wp:term":[{"taxonomy":"category","embeddable":true,"href":"https:\/\/gerardoduque.com.mx\/index.php?rest_route=%2Fwp%2Fv2%2Fcategories&post=31140"},{"taxonomy":"post_tag","embeddable":true,"href":"https:\/\/gerardoduque.com.mx\/index.php?rest_route=%2Fwp%2Fv2%2Ftags&post=31140"}],"curies":[{"name":"wp","href":"https:\/\/api.w.org\/{rel}","templated":true}]}}