{"id":31115,"date":"2024-11-01T09:21:05","date_gmt":"2024-11-01T15:21:05","guid":{"rendered":"https:\/\/gerardoduque.com.mx\/?p=31115"},"modified":"2024-11-01T09:21:10","modified_gmt":"2024-11-01T15:21:10","slug":"toman-protesta-nuevos-titulares-del-indepi-y-sifide","status":"publish","type":"post","link":"https:\/\/gerardoduque.com.mx\/?p=31115","title":{"rendered":"TOMAN PROTESTA NUEVOS TITULARES DEL INDEPI Y SIFIDE"},"content":{"rendered":"\n<p>El secretario general de Gobierno, J. Guadalupe Torres S\u00e1nchez tom\u00f3 la protesta de ley a los nuevos titulares del Instituto de Desarrollo Humano y Social de Los Pueblos y Comunidades Ind\u00edgenas del Estado y del Sistema para el Financiamiento del Estado.<\/p>\n\n\n\n<p>Luego de tomar protesta a ambos funcionarios, los exhort\u00f3 a ser una administraci\u00f3n abierta, eficiente y dar seguimiento a los proyectos pendientes en cada una de sus dependencias, lo cual permitir\u00e1 avanzar en la transformaci\u00f3n de San Luis Potos\u00ed.<\/p>\n\n\n\n<p>El secretario general de Gobierno pidi\u00f3 a los nuevos titulares de Indepi y Sifide poner todo su empe\u00f1o y conocimiento para cumplir la encomienda y atender las necesidades prioritarias en materia de servicios y tr\u00e1mites para los usuarios, as\u00ed como impulsar aquellos programas o acciones que favorezcan el crecimiento y la mejora en la calidad de vida, como es el compromiso de la actual administraci\u00f3n estatal.<\/p>\n\n\n\n<p>Por su parte, ambos funcionarios externaron su compromiso de trabajar de tiempo completo en esta encomienda y generar acuerdos con otros \u00f3rdenes de Gobierno y el resto del Gabinete para seguir brindando m\u00e1s apoyo a las familias.<\/p>\n","protected":false},"excerpt":{"rendered":"<p>Se les exhort\u00f3 a dar seguimiento a los proyectos pendientes en cada una de sus dependencias.<\/p>\n","protected":false},"author":4,"featured_media":31116,"comment_status":"closed","ping_status":"closed","sticky":false,"template":"","format":"standard","meta":{"_et_pb_use_builder":"off","_et_pb_old_content":"","_et_gb_content_width":"","footnotes":""},"categories":[280],"tags":[72,395,66,219],"class_list":["post-31115","post","type-post","status-publish","format-standard","has-post-thumbnail","hentry","category-gob-slp","tag-gobierno-del-estado","tag-indepi","tag-san-luis-potosi","tag-sifide"],"_links":{"self":[{"href":"https:\/\/gerardoduque.com.mx\/index.php?rest_route=\/wp\/v2\/posts\/31115","targetHints":{"allow":["GET"]}}],"collection":[{"href":"https:\/\/gerardoduque.com.mx\/index.php?rest_route=\/wp\/v2\/posts"}],"about":[{"href":"https:\/\/gerardoduque.com.mx\/index.php?rest_route=\/wp\/v2\/types\/post"}],"author":[{"embeddable":true,"href":"https:\/\/gerardoduque.com.mx\/index.php?rest_route=\/wp\/v2\/users\/4"}],"replies":[{"embeddable":true,"href":"https:\/\/gerardoduque.com.mx\/index.php?rest_route=%2Fwp%2Fv2%2Fcomments&post=31115"}],"version-history":[{"count":0,"href":"https:\/\/gerardoduque.com.mx\/index.php?rest_route=\/wp\/v2\/posts\/31115\/revisions"}],"wp:featuredmedia":[{"embeddable":true,"href":"https:\/\/gerardoduque.com.mx\/index.php?rest_route=\/wp\/v2\/media\/31116"}],"wp:attachment":[{"href":"https:\/\/gerardoduque.com.mx\/index.php?rest_route=%2Fwp%2Fv2%2Fmedia&parent=31115"}],"wp:term":[{"taxonomy":"category","embeddable":true,"href":"https:\/\/gerardoduque.com.mx\/index.php?rest_route=%2Fwp%2Fv2%2Fcategories&post=31115"},{"taxonomy":"post_tag","embeddable":true,"href":"https:\/\/gerardoduque.com.mx\/index.php?rest_route=%2Fwp%2Fv2%2Ftags&post=31115"}],"curies":[{"name":"wp","href":"https:\/\/api.w.org\/{rel}","templated":true}]}}