{"id":31106,"date":"2024-11-01T09:09:23","date_gmt":"2024-11-01T15:09:23","guid":{"rendered":"https:\/\/gerardoduque.com.mx\/?p=31106"},"modified":"2024-11-01T09:09:28","modified_gmt":"2024-11-01T15:09:28","slug":"entregan-recursos-para-pensiones-de-personas-con-discapacidad","status":"publish","type":"post","link":"https:\/\/gerardoduque.com.mx\/?p=31106","title":{"rendered":"ENTREGAN RECURSOS PARA PENSIONES DE PERSONAS CON DISCAPACIDAD"},"content":{"rendered":"\n<p>Derivado del convenio firmado entre el Gobierno del Estado y la Secretar\u00eda del Bienestar del Gobierno Federal, el Ejecutivo estatal tiene el compromiso de aportar 127 millones 428 mil 600 pesos, de los cuales ya ha entregado 50 millones de pesos.<\/p>\n\n\n\n<p>La titular de la Secretar\u00eda de Finanzas explic\u00f3 que, a principio de a\u00f1o, el Ejecutivo entreg\u00f3 una primera partida por 50 millones de pesos, con lo cual restan 77 millones 428 mil 600 pesos.<\/p>\n\n\n\n<p>Con base en el fideicomiso FID10321 para la pensi\u00f3n para el bienestar de las personas con discapacidad permanente, el Estado firm\u00f3 con la secretar\u00eda del Bienestar de M\u00e9xico, un convenio para la aportaci\u00f3n de los recursos restantes.<\/p>\n\n\n\n<p>En los pr\u00f3ximos d\u00edas se har\u00e1 una aportaci\u00f3n superior a los 25 millones de pesos. Misma cantidad que ser\u00e1 entregada a finales de noviembre y diciembre, con lo cual queda cubierta la aportaci\u00f3n comprometida por el Estado para 2024.<\/p>\n","protected":false},"excerpt":{"rendered":"<p>Existe un convenio firmado con la secretaria del Bienestar y se est\u00e1 cumpliendo en tiempo y forma: Finanzas<\/p>\n","protected":false},"author":4,"featured_media":31107,"comment_status":"closed","ping_status":"closed","sticky":false,"template":"","format":"standard","meta":{"_et_pb_use_builder":"off","_et_pb_old_content":"","_et_gb_content_width":"","footnotes":""},"categories":[280],"tags":[72,66,132],"class_list":["post-31106","post","type-post","status-publish","format-standard","has-post-thumbnail","hentry","category-gob-slp","tag-gobierno-del-estado","tag-san-luis-potosi","tag-sefin"],"_links":{"self":[{"href":"https:\/\/gerardoduque.com.mx\/index.php?rest_route=\/wp\/v2\/posts\/31106","targetHints":{"allow":["GET"]}}],"collection":[{"href":"https:\/\/gerardoduque.com.mx\/index.php?rest_route=\/wp\/v2\/posts"}],"about":[{"href":"https:\/\/gerardoduque.com.mx\/index.php?rest_route=\/wp\/v2\/types\/post"}],"author":[{"embeddable":true,"href":"https:\/\/gerardoduque.com.mx\/index.php?rest_route=\/wp\/v2\/users\/4"}],"replies":[{"embeddable":true,"href":"https:\/\/gerardoduque.com.mx\/index.php?rest_route=%2Fwp%2Fv2%2Fcomments&post=31106"}],"version-history":[{"count":0,"href":"https:\/\/gerardoduque.com.mx\/index.php?rest_route=\/wp\/v2\/posts\/31106\/revisions"}],"wp:featuredmedia":[{"embeddable":true,"href":"https:\/\/gerardoduque.com.mx\/index.php?rest_route=\/wp\/v2\/media\/31107"}],"wp:attachment":[{"href":"https:\/\/gerardoduque.com.mx\/index.php?rest_route=%2Fwp%2Fv2%2Fmedia&parent=31106"}],"wp:term":[{"taxonomy":"category","embeddable":true,"href":"https:\/\/gerardoduque.com.mx\/index.php?rest_route=%2Fwp%2Fv2%2Fcategories&post=31106"},{"taxonomy":"post_tag","embeddable":true,"href":"https:\/\/gerardoduque.com.mx\/index.php?rest_route=%2Fwp%2Fv2%2Ftags&post=31106"}],"curies":[{"name":"wp","href":"https:\/\/api.w.org\/{rel}","templated":true}]}}