{"id":31096,"date":"2024-10-31T09:01:12","date_gmt":"2024-10-31T15:01:12","guid":{"rendered":"https:\/\/gerardoduque.com.mx\/?p=31096"},"modified":"2024-10-31T09:01:16","modified_gmt":"2024-10-31T15:01:16","slug":"capacitan-a-personal-municipal-en-materia-catastral","status":"publish","type":"post","link":"https:\/\/gerardoduque.com.mx\/?p=31096","title":{"rendered":"CAPACITAN A PERSONAL MUNICIPAL EN MATERIA CATASTRAL"},"content":{"rendered":"\n<p>El Instituto Registral y Catastral fortalece la profesionalizaci\u00f3n municipal para que los servidores p\u00fablicos brinden m\u00e1s apoyo a la ciudadan\u00eda con mejores servicios, por lo que realiz\u00f3 la conferencia \u201cLeyes de ingresos y valores unitarios de due\u00f1o y construcci\u00f3n\u201d, dirigida a alcaldes y directivos de Catastro Municipal.<\/p>\n\n\n\n<p>La capacitaci\u00f3n sobre valores catastrales y certeza jur\u00eddica patrimonial, a personal de los 59 ayuntamientos, permite colaborar en el manejo de los conocimientos, habilidades e informaci\u00f3n con la que deben contar para ofrecer mejores servicios a los potosinos de las cuatro regiones.<\/p>\n\n\n\n<p>La conferencia se desarroll\u00f3 en el museo Laberinto de las Ciencias y las Artes, y fue organizada para que autoridades, tanto del Poder Ejecutivo, legislativo como municipales, coordinen esfuerzos para aplicar nuevas pol\u00edticas p\u00fablicas que permitan mejorar la calidad de vida de las familias potosinas.<\/p>\n","protected":false},"excerpt":{"rendered":"<p>La capacitaci\u00f3n sobre valores catastrales y certeza jur\u00eddica patrimonial estuvo dirigida a personal de los 59 ayuntamientos<\/p>\n","protected":false},"author":4,"featured_media":31097,"comment_status":"closed","ping_status":"closed","sticky":false,"template":"","format":"standard","meta":{"_et_pb_use_builder":"off","_et_pb_old_content":"","_et_gb_content_width":"","footnotes":""},"categories":[280],"tags":[72,402,66],"class_list":["post-31096","post","type-post","status-publish","format-standard","has-post-thumbnail","hentry","category-gob-slp","tag-gobierno-del-estado","tag-irc","tag-san-luis-potosi"],"_links":{"self":[{"href":"https:\/\/gerardoduque.com.mx\/index.php?rest_route=\/wp\/v2\/posts\/31096","targetHints":{"allow":["GET"]}}],"collection":[{"href":"https:\/\/gerardoduque.com.mx\/index.php?rest_route=\/wp\/v2\/posts"}],"about":[{"href":"https:\/\/gerardoduque.com.mx\/index.php?rest_route=\/wp\/v2\/types\/post"}],"author":[{"embeddable":true,"href":"https:\/\/gerardoduque.com.mx\/index.php?rest_route=\/wp\/v2\/users\/4"}],"replies":[{"embeddable":true,"href":"https:\/\/gerardoduque.com.mx\/index.php?rest_route=%2Fwp%2Fv2%2Fcomments&post=31096"}],"version-history":[{"count":0,"href":"https:\/\/gerardoduque.com.mx\/index.php?rest_route=\/wp\/v2\/posts\/31096\/revisions"}],"wp:featuredmedia":[{"embeddable":true,"href":"https:\/\/gerardoduque.com.mx\/index.php?rest_route=\/wp\/v2\/media\/31097"}],"wp:attachment":[{"href":"https:\/\/gerardoduque.com.mx\/index.php?rest_route=%2Fwp%2Fv2%2Fmedia&parent=31096"}],"wp:term":[{"taxonomy":"category","embeddable":true,"href":"https:\/\/gerardoduque.com.mx\/index.php?rest_route=%2Fwp%2Fv2%2Fcategories&post=31096"},{"taxonomy":"post_tag","embeddable":true,"href":"https:\/\/gerardoduque.com.mx\/index.php?rest_route=%2Fwp%2Fv2%2Ftags&post=31096"}],"curies":[{"name":"wp","href":"https:\/\/api.w.org\/{rel}","templated":true}]}}