{"id":31090,"date":"2024-10-31T08:52:30","date_gmt":"2024-10-31T14:52:30","guid":{"rendered":"https:\/\/gerardoduque.com.mx\/?p=31090"},"modified":"2024-10-31T08:52:35","modified_gmt":"2024-10-31T14:52:35","slug":"habilitan-refugios-temporales-ante-bajas-temperaturas","status":"publish","type":"post","link":"https:\/\/gerardoduque.com.mx\/?p=31090","title":{"rendered":"HABILITAN REFUGIOS TEMPORALES ANTE BAJAS TEMPERATURAS"},"content":{"rendered":"\n<p>La Coordinaci\u00f3n Estatal de Protecci\u00f3n Civil atendi\u00f3 a 84 personas en situaci\u00f3n de calle, que fueron canalizadas a los refugios temporales habilitados en los 59 municipios ante las bajas temperaturas registradas en territorio potosino.<\/p>\n\n\n\n<p>Con ello, se busca salvaguardar la integridad de todas las personas, principalmente aquellas que requieren por su situaci\u00f3n vulnerabilidad, la dependencia realiza recorridos en las principales calles de los municipios con el fin de detectar personas que pernoctan en las calles, para ser llevadas a los refugios.<\/p>\n\n\n\n<p>Al cierre de la semana se atendieron a 25 personas en los refugios, por lo que trabaja para brindar un techo y abrigo a las y los potosinos que lo requieran, ante las condiciones de bajas temperaturas menores a los 10 grados que ha registrado el Estado.<\/p>\n\n\n\n<p>De acuerdo con el Servicio Meteorol\u00f3gico Nacional tiene un pron\u00f3stico de 48 frentes fr\u00edos, y actualmente solo han registrado cinco; sin embargo, el sexto frente fr\u00edo podr\u00eda comenzar a sentirse en esta misma semana, por lo que pidi\u00f3 a la poblaci\u00f3n cuidar a las personas de la tercera edad y ni\u00f1os menores de cinco a\u00f1os, evitar los cambios bruscos de temperatura y cubrirse bien antes de salir a la calle.<\/p>\n","protected":false},"excerpt":{"rendered":"<p>Se canaliz\u00f3 en la \u00faltima semana a 25 personas a los refugios temporales en las cuatro regiones, para resguardarse del fr\u00edo.<\/p>\n","protected":false},"author":4,"featured_media":31091,"comment_status":"closed","ping_status":"closed","sticky":false,"template":"","format":"standard","meta":{"_et_pb_use_builder":"off","_et_pb_old_content":"","_et_gb_content_width":"","footnotes":""},"categories":[412,280],"tags":[190,72,66],"class_list":["post-31090","post","type-post","status-publish","format-standard","has-post-thumbnail","hentry","category-destacado","category-gob-slp","tag-cepc","tag-gobierno-del-estado","tag-san-luis-potosi"],"_links":{"self":[{"href":"https:\/\/gerardoduque.com.mx\/index.php?rest_route=\/wp\/v2\/posts\/31090","targetHints":{"allow":["GET"]}}],"collection":[{"href":"https:\/\/gerardoduque.com.mx\/index.php?rest_route=\/wp\/v2\/posts"}],"about":[{"href":"https:\/\/gerardoduque.com.mx\/index.php?rest_route=\/wp\/v2\/types\/post"}],"author":[{"embeddable":true,"href":"https:\/\/gerardoduque.com.mx\/index.php?rest_route=\/wp\/v2\/users\/4"}],"replies":[{"embeddable":true,"href":"https:\/\/gerardoduque.com.mx\/index.php?rest_route=%2Fwp%2Fv2%2Fcomments&post=31090"}],"version-history":[{"count":0,"href":"https:\/\/gerardoduque.com.mx\/index.php?rest_route=\/wp\/v2\/posts\/31090\/revisions"}],"wp:featuredmedia":[{"embeddable":true,"href":"https:\/\/gerardoduque.com.mx\/index.php?rest_route=\/wp\/v2\/media\/31091"}],"wp:attachment":[{"href":"https:\/\/gerardoduque.com.mx\/index.php?rest_route=%2Fwp%2Fv2%2Fmedia&parent=31090"}],"wp:term":[{"taxonomy":"category","embeddable":true,"href":"https:\/\/gerardoduque.com.mx\/index.php?rest_route=%2Fwp%2Fv2%2Fcategories&post=31090"},{"taxonomy":"post_tag","embeddable":true,"href":"https:\/\/gerardoduque.com.mx\/index.php?rest_route=%2Fwp%2Fv2%2Ftags&post=31090"}],"curies":[{"name":"wp","href":"https:\/\/api.w.org\/{rel}","templated":true}]}}