{"id":31077,"date":"2024-10-06T06:36:00","date_gmt":"2024-10-06T12:36:00","guid":{"rendered":"https:\/\/gerardoduque.com.mx\/?p=31077"},"modified":"2024-10-30T13:38:38","modified_gmt":"2024-10-30T19:38:38","slug":"atleti-potosi-detonara-semillero-de-talentos","status":"publish","type":"post","link":"https:\/\/gerardoduque.com.mx\/?p=31077","title":{"rendered":"\u201cATLETI POTOS\u00cd\u201d DETONAR\u00c1 SEMILLERO DE TALENTOS"},"content":{"rendered":"\n<p>Las gestiones del Gobierno del Estado encabezadas por Ricardo Gallardo Cardona han impulsado el desarrollo econ\u00f3mico, deportivo y social para las y los potosinos que pr\u00f3ximamente podr\u00e1n acceder a la escuela de f\u00fatbol \u201cAtleti Potos\u00ed\u201d, obra que empresarios locales han respaldado por su visi\u00f3n, impulso al deporte y desarrollo econ\u00f3mico.<\/p>\n\n\n\n<p>El empresario presidente del equipo del Atl\u00e9tico de San Luis Jacobo Pay\u00e1n Espinoza consider\u00f3 que \u201ces un sue\u00f1o hecho realidad\u201d para Soledad de Graciano S\u00e1nchez, y la zona metropolitana de San Luis Potos\u00ed contar con una escuela de f\u00fatbol con el renombre como el que cuenta el Atl\u00e9tico de San Luis, el cual detonar\u00e1 el talento potosino: \u201cvamos a sembrar ra\u00edces que aseguren la permanencia\u201d, expres\u00f3.<\/p>\n\n\n\n<p>Por su parte, Mario Contreras, gerente regional de Embotelladora Aga del Centro, destac\u00f3 la importante labor que tendr\u00e1 esta obra en la sociedad: \u201cestamos muy contentos viendo esta alianza estrat\u00e9gica, que atrae el deporte, nosotros estamos comprometidos a seguir trabajando en conjunto con nuestros productos y seguir participando\u201d.<\/p>\n\n\n\n<p>Finalmente, Jes\u00fas Rosillo de Le\u00f3n, fundador de Laboratorios Tequis destac\u00f3 el potencial que tiene el proyecto en materia deportiva y econ\u00f3mica: \u201ces un proyecto muy ambicioso que va a detonar el deporte en los j\u00f3venes, la unidad deportiva hac\u00eda falta, es un logro muy importante y hay muchas empresas y obras que se van a ir instalando y la juventud ser\u00e1 la m\u00e1s beneficiada\u201d, concluy\u00f3.<\/p>\n","protected":false},"excerpt":{"rendered":"<p>Las gestiones del Gobierno del Estado encabezadas por Ricardo Gallardo Cardona han impulsado el desarrollo econ\u00f3mico, deportivo y social para las y los potosinos que pr\u00f3ximamente podr\u00e1n acceder a la escuela de f\u00fatbol \u201cAtleti Potos\u00ed\u201d, obra que empresarios locales han respaldado por su visi\u00f3n, impulso al deporte y desarrollo econ\u00f3mico. El empresario presidente del equipo [&hellip;]<\/p>\n","protected":false},"author":4,"featured_media":31078,"comment_status":"closed","ping_status":"closed","sticky":false,"template":"","format":"standard","meta":{"_et_pb_use_builder":"off","_et_pb_old_content":"","_et_gb_content_width":"","footnotes":""},"categories":[280],"tags":[72,66],"class_list":["post-31077","post","type-post","status-publish","format-standard","has-post-thumbnail","hentry","category-gob-slp","tag-gobierno-del-estado","tag-san-luis-potosi"],"_links":{"self":[{"href":"https:\/\/gerardoduque.com.mx\/index.php?rest_route=\/wp\/v2\/posts\/31077","targetHints":{"allow":["GET"]}}],"collection":[{"href":"https:\/\/gerardoduque.com.mx\/index.php?rest_route=\/wp\/v2\/posts"}],"about":[{"href":"https:\/\/gerardoduque.com.mx\/index.php?rest_route=\/wp\/v2\/types\/post"}],"author":[{"embeddable":true,"href":"https:\/\/gerardoduque.com.mx\/index.php?rest_route=\/wp\/v2\/users\/4"}],"replies":[{"embeddable":true,"href":"https:\/\/gerardoduque.com.mx\/index.php?rest_route=%2Fwp%2Fv2%2Fcomments&post=31077"}],"version-history":[{"count":0,"href":"https:\/\/gerardoduque.com.mx\/index.php?rest_route=\/wp\/v2\/posts\/31077\/revisions"}],"wp:featuredmedia":[{"embeddable":true,"href":"https:\/\/gerardoduque.com.mx\/index.php?rest_route=\/wp\/v2\/media\/31078"}],"wp:attachment":[{"href":"https:\/\/gerardoduque.com.mx\/index.php?rest_route=%2Fwp%2Fv2%2Fmedia&parent=31077"}],"wp:term":[{"taxonomy":"category","embeddable":true,"href":"https:\/\/gerardoduque.com.mx\/index.php?rest_route=%2Fwp%2Fv2%2Fcategories&post=31077"},{"taxonomy":"post_tag","embeddable":true,"href":"https:\/\/gerardoduque.com.mx\/index.php?rest_route=%2Fwp%2Fv2%2Ftags&post=31077"}],"curies":[{"name":"wp","href":"https:\/\/api.w.org\/{rel}","templated":true}]}}