{"id":31063,"date":"2024-10-28T06:24:00","date_gmt":"2024-10-28T12:24:00","guid":{"rendered":"https:\/\/gerardoduque.com.mx\/?p=31063"},"modified":"2024-10-30T13:28:14","modified_gmt":"2024-10-30T19:28:14","slug":"municipios-recibiran-capacitacion-para-integrar-sus-planes-de-desarrollo","status":"publish","type":"post","link":"https:\/\/gerardoduque.com.mx\/?p=31063","title":{"rendered":"MUNICIPIOS RECIBIR\u00c1N CAPACITACI\u00d3N PARA INTEGRAR SUS PLANES DE DESARROLLO"},"content":{"rendered":"\n<p>La Coordinaci\u00f3n Estatal para el Fortalecimiento Institucional de los Municipios (CEFIM) impulsar\u00e1 un programa de capacitaci\u00f3n el 5 y 8 de noviembre de este a\u00f1o, para garantizar que los pr\u00f3ximos 59 planes municipales de desarrollo, sean acordes a las necesidades de cada municipio y brinden m\u00e1s apoyo a las y los potosinos obras y acciones debidamente focalizadas.<\/p>\n\n\n\n<p>En cumplimiento con la instrucci\u00f3n del Gobernador Ricardo Gallardo Cardona, de fortalecer a los gobiernos locales mediante la profesionalizaci\u00f3n de las y los servidores p\u00fablicos que permitan brindar una mejor atenci\u00f3n y servicio a las familias, la CEFIM otorga los instrumentos que gu\u00eden a las administraciones municipales durante su nueva gesti\u00f3n.<\/p>\n\n\n\n<p>As\u00ed lo inform\u00f3 el titular de la CEFIM, Julio C\u00e9sar Pati\u00f1o Morales quien detall\u00f3 que de acuerdo con el art\u00edculo 121 de la Ley Org\u00e1nica del Municipio Libre, los nuevos ayuntamientos deber\u00e1n presentar su programa de trabajo en un Plan de Desarrollo, posteriormente \u00e9ste ser\u00e1 aprobado y publicado en un plazo no mayor de cuatro meses a partir de la instalaci\u00f3n del gobierno.<\/p>\n\n\n\n<p>Pati\u00f1o Morales agreg\u00f3 que durante la capacitaci\u00f3n se trabajar\u00e1 de la mano de la Secretar\u00eda de Finanzas (Sefin), el Instituto de Fiscalizaci\u00f3n Superior del Estado, el Instituto Nacional de Estad\u00edstica y Geograf\u00eda (INEGI), y el Instituto de Desarrollo Humano y Social de los Pueblos y Comunidades Ind\u00edgenas (Indepi) para perfeccionar el documento que se convertir\u00e1 en la columna vertebral de cada administraci\u00f3n.<\/p>\n","protected":false},"excerpt":{"rendered":"<p>La CEFIM brindar\u00e1 a los gobiernos locales las herramientas que permitir\u00e1n impulsar obras y acciones debidamente focalizadas<\/p>\n","protected":false},"author":4,"featured_media":31064,"comment_status":"closed","ping_status":"closed","sticky":false,"template":"","format":"standard","meta":{"_et_pb_use_builder":"off","_et_pb_old_content":"","_et_gb_content_width":"","footnotes":""},"categories":[280],"tags":[72,66],"class_list":["post-31063","post","type-post","status-publish","format-standard","has-post-thumbnail","hentry","category-gob-slp","tag-gobierno-del-estado","tag-san-luis-potosi"],"_links":{"self":[{"href":"https:\/\/gerardoduque.com.mx\/index.php?rest_route=\/wp\/v2\/posts\/31063","targetHints":{"allow":["GET"]}}],"collection":[{"href":"https:\/\/gerardoduque.com.mx\/index.php?rest_route=\/wp\/v2\/posts"}],"about":[{"href":"https:\/\/gerardoduque.com.mx\/index.php?rest_route=\/wp\/v2\/types\/post"}],"author":[{"embeddable":true,"href":"https:\/\/gerardoduque.com.mx\/index.php?rest_route=\/wp\/v2\/users\/4"}],"replies":[{"embeddable":true,"href":"https:\/\/gerardoduque.com.mx\/index.php?rest_route=%2Fwp%2Fv2%2Fcomments&post=31063"}],"version-history":[{"count":0,"href":"https:\/\/gerardoduque.com.mx\/index.php?rest_route=\/wp\/v2\/posts\/31063\/revisions"}],"wp:featuredmedia":[{"embeddable":true,"href":"https:\/\/gerardoduque.com.mx\/index.php?rest_route=\/wp\/v2\/media\/31064"}],"wp:attachment":[{"href":"https:\/\/gerardoduque.com.mx\/index.php?rest_route=%2Fwp%2Fv2%2Fmedia&parent=31063"}],"wp:term":[{"taxonomy":"category","embeddable":true,"href":"https:\/\/gerardoduque.com.mx\/index.php?rest_route=%2Fwp%2Fv2%2Fcategories&post=31063"},{"taxonomy":"post_tag","embeddable":true,"href":"https:\/\/gerardoduque.com.mx\/index.php?rest_route=%2Fwp%2Fv2%2Ftags&post=31063"}],"curies":[{"name":"wp","href":"https:\/\/api.w.org\/{rel}","templated":true}]}}