{"id":31057,"date":"2024-10-24T06:38:00","date_gmt":"2024-10-24T12:38:00","guid":{"rendered":"https:\/\/gerardoduque.com.mx\/?p=31057"},"modified":"2024-10-30T13:21:02","modified_gmt":"2024-10-30T19:21:02","slug":"san-luis-potosi-sera-sede-de-encuentro-academico-sobre-la-nueva-escuela-mexicana","status":"publish","type":"post","link":"https:\/\/gerardoduque.com.mx\/?p=31057","title":{"rendered":"SAN LUIS POTOS\u00cd SER\u00c1 SEDE DE ENCUENTRO ACAD\u00c9MICO SOBRE LA NUEVA ESCUELA MEXICANA"},"content":{"rendered":"\n<p>Con la expectativa de m\u00e1s de mil participantes, los d\u00edas 24 y 25 de octubre del presente a\u00f1o, el Centro de Convenciones San Luis Potos\u00ed (CCSLP) ser\u00e1 la sede del foro acad\u00e9mico \u00abCompartiendo Experiencias sobre la Nueva Escuela Mexicana: Proyectando el Futuro desde una Formaci\u00f3n con Enfoque Humanista\u00bb el cual est\u00e1 dirigido a personal del Colegio de Bachilleres (Cobach). Lo anterior como parte de las m\u00faltiples actividades que fortalecen el turismo de reuniones en el Estado.<\/p>\n\n\n\n<p>Resultado del apoyo del Gobierno del Estado de San Luis Potos\u00ed a la generaci\u00f3n de encuentros, reuniones y convenciones, acorde con la visi\u00f3n del Gobernador del Estado Ricardo Gallardo Cardona, el \u00e1rea de Convenciones del CCSLP recibir\u00e1 este foro acad\u00e9mico, mismo que estar\u00e1 enfocado a personal docente, administrativo y directivo buscando generar un espacio de di\u00e1logo e intercambio de experiencias entre la comunidad educativa a la par de abordar los desaf\u00edos de la Nueva Escuela Mexicana.<\/p>\n\n\n\n<p>Contando con la participaci\u00f3n de destacados expertos dentro del \u00e1mbito acad\u00e9mico y educativo, el foro ofrecer\u00e1 conferencias y mesas de trabajo donde las y los integrantes de la comunidad educativa podr\u00e1n dialogar y colaborar, adem\u00e1s de establecer directrices y recomendaciones concretas, alineadas con la visi\u00f3n del Mandatario Estatal para generar m\u00e1s apoyo para la educaci\u00f3n.<\/p>\n\n\n\n<p>La realizaci\u00f3n de este tipo de eventos acad\u00e9micos establece un precedente motivando e inspirando a otras organizaciones a realizar encuentros similares y la diversidad contribuye a un ecosistema m\u00e1s din\u00e1mico, donde abordan diferentes tem\u00e1ticas e involucran a diversas audiencias, consolidando a San Luis Potos\u00ed como un destino atractivo para eventos de gran relevancia.<\/p>\n","protected":false},"excerpt":{"rendered":"<p>El CCSLP contin\u00faa consolid\u00e1ndose como un recinto atractivo para eventos de gran relevancia<\/p>\n","protected":false},"author":4,"featured_media":31058,"comment_status":"closed","ping_status":"closed","sticky":false,"template":"","format":"standard","meta":{"_et_pb_use_builder":"off","_et_pb_old_content":"","_et_gb_content_width":"","footnotes":""},"categories":[280],"tags":[493,72,66],"class_list":["post-31057","post","type-post","status-publish","format-standard","has-post-thumbnail","hentry","category-gob-slp","tag-ccslp","tag-gobierno-del-estado","tag-san-luis-potosi"],"_links":{"self":[{"href":"https:\/\/gerardoduque.com.mx\/index.php?rest_route=\/wp\/v2\/posts\/31057","targetHints":{"allow":["GET"]}}],"collection":[{"href":"https:\/\/gerardoduque.com.mx\/index.php?rest_route=\/wp\/v2\/posts"}],"about":[{"href":"https:\/\/gerardoduque.com.mx\/index.php?rest_route=\/wp\/v2\/types\/post"}],"author":[{"embeddable":true,"href":"https:\/\/gerardoduque.com.mx\/index.php?rest_route=\/wp\/v2\/users\/4"}],"replies":[{"embeddable":true,"href":"https:\/\/gerardoduque.com.mx\/index.php?rest_route=%2Fwp%2Fv2%2Fcomments&post=31057"}],"version-history":[{"count":0,"href":"https:\/\/gerardoduque.com.mx\/index.php?rest_route=\/wp\/v2\/posts\/31057\/revisions"}],"wp:featuredmedia":[{"embeddable":true,"href":"https:\/\/gerardoduque.com.mx\/index.php?rest_route=\/wp\/v2\/media\/31058"}],"wp:attachment":[{"href":"https:\/\/gerardoduque.com.mx\/index.php?rest_route=%2Fwp%2Fv2%2Fmedia&parent=31057"}],"wp:term":[{"taxonomy":"category","embeddable":true,"href":"https:\/\/gerardoduque.com.mx\/index.php?rest_route=%2Fwp%2Fv2%2Fcategories&post=31057"},{"taxonomy":"post_tag","embeddable":true,"href":"https:\/\/gerardoduque.com.mx\/index.php?rest_route=%2Fwp%2Fv2%2Ftags&post=31057"}],"curies":[{"name":"wp","href":"https:\/\/api.w.org\/{rel}","templated":true}]}}