{"id":31051,"date":"2024-10-30T09:00:12","date_gmt":"2024-10-30T15:00:12","guid":{"rendered":"https:\/\/gerardoduque.com.mx\/?p=31051"},"modified":"2024-10-30T09:00:16","modified_gmt":"2024-10-30T15:00:16","slug":"entregan-auxiliares-auditivos-a-pacientes-del-cree","status":"publish","type":"post","link":"https:\/\/gerardoduque.com.mx\/?p=31051","title":{"rendered":"ENTREGAN AUXILIARES AUDITIVOS A PACIENTES DEL CREE\u00a0"},"content":{"rendered":"\n<p>Con el objetivo de contribuir a mejorar las condiciones de vida de las personas con discapacidad, el Sistema Estatal para el Desarrollo Integral de la Familia entreg\u00f3 115 auxiliares auditivos y cinco diademas \u00f3seas a potosinas y potosinos de los municipios de San Luis Potos\u00ed, Soledad de Graciano S\u00e1nchez, Villa de Reyes, El Naranjo, Santo Domingo, Ray\u00f3n, Villa de Arista y San Mart\u00edn Chalchicuautla.<\/p>\n\n\n\n<p>Previamente el DIF Estatal realiz\u00f3 una jornada de estudios de audiometr\u00eda para determinar el tipo y grado de la p\u00e9rdida auditiva, as\u00ed como la impresi\u00f3n para el molde correspondiente para las personas beneficiarias.<\/p>\n\n\n\n<p>La audici\u00f3n es un sentido fundamental porque nos conecta con el mundo y nos permite escuchar las voces de nuestros seres queridos, disfrutar de la m\u00fasica, comprender conversaciones y, sobre todo, ser incluidos para participar activamente en la vida cotidiana.<\/p>\n\n\n\n<p>Se detall\u00f3 que un equipo de profesionales capacit\u00f3 a los beneficiarios para el uso adecuado y mantenimiento de sus auxiliares auditivos, tras comentar que estas herramientas les abrir\u00e1n puertas a un mundo lleno de sonidos y emociones, adem\u00e1s de mejorar la calidad de vida de quienes los reciben, fortalecer\u00e1n su independencia permiti\u00e9ndoles comunicarse de manera efectiva y alcanzar metas personales.<\/p>\n","protected":false},"excerpt":{"rendered":"<p>120  usuarios fueron valorados para acceder a este beneficio.<\/p>\n","protected":false},"author":4,"featured_media":31052,"comment_status":"closed","ping_status":"closed","sticky":false,"template":"","format":"standard","meta":{"_et_pb_use_builder":"off","_et_pb_old_content":"","_et_gb_content_width":"","footnotes":""},"categories":[280],"tags":[169,180,72,66],"class_list":["post-31051","post","type-post","status-publish","format-standard","has-post-thumbnail","hentry","category-gob-slp","tag-cree","tag-dif-estatal","tag-gobierno-del-estado","tag-san-luis-potosi"],"_links":{"self":[{"href":"https:\/\/gerardoduque.com.mx\/index.php?rest_route=\/wp\/v2\/posts\/31051","targetHints":{"allow":["GET"]}}],"collection":[{"href":"https:\/\/gerardoduque.com.mx\/index.php?rest_route=\/wp\/v2\/posts"}],"about":[{"href":"https:\/\/gerardoduque.com.mx\/index.php?rest_route=\/wp\/v2\/types\/post"}],"author":[{"embeddable":true,"href":"https:\/\/gerardoduque.com.mx\/index.php?rest_route=\/wp\/v2\/users\/4"}],"replies":[{"embeddable":true,"href":"https:\/\/gerardoduque.com.mx\/index.php?rest_route=%2Fwp%2Fv2%2Fcomments&post=31051"}],"version-history":[{"count":0,"href":"https:\/\/gerardoduque.com.mx\/index.php?rest_route=\/wp\/v2\/posts\/31051\/revisions"}],"wp:featuredmedia":[{"embeddable":true,"href":"https:\/\/gerardoduque.com.mx\/index.php?rest_route=\/wp\/v2\/media\/31052"}],"wp:attachment":[{"href":"https:\/\/gerardoduque.com.mx\/index.php?rest_route=%2Fwp%2Fv2%2Fmedia&parent=31051"}],"wp:term":[{"taxonomy":"category","embeddable":true,"href":"https:\/\/gerardoduque.com.mx\/index.php?rest_route=%2Fwp%2Fv2%2Fcategories&post=31051"},{"taxonomy":"post_tag","embeddable":true,"href":"https:\/\/gerardoduque.com.mx\/index.php?rest_route=%2Fwp%2Fv2%2Ftags&post=31051"}],"curies":[{"name":"wp","href":"https:\/\/api.w.org\/{rel}","templated":true}]}}