{"id":31042,"date":"2024-10-30T08:46:02","date_gmt":"2024-10-30T14:46:02","guid":{"rendered":"https:\/\/gerardoduque.com.mx\/?p=31042"},"modified":"2024-10-30T08:46:06","modified_gmt":"2024-10-30T14:46:06","slug":"gestionan-rehabilitacion-de-colector-sanitario-en-ciudad-del-maiz","status":"publish","type":"post","link":"https:\/\/gerardoduque.com.mx\/?p=31042","title":{"rendered":"GESTIONAN REHABILITACI\u00d3N DE COLECTOR SANITARIO EN CIUDAD DEL MA\u00cdZ"},"content":{"rendered":"\n<p>La Comisi\u00f3n Estatal del Agua gestion\u00f3 la rehabilitaci\u00f3n del colector de drenaje sanitario en la cabecera municipal de Ciudad del Ma\u00edz, con una inversi\u00f3n de 12 millones de pesos de la Comisi\u00f3n Nacional del Agua y el ayuntamiento, lo que adem\u00e1s contribuy\u00f3 a la puesta en operaci\u00f3n de la Planta Tratadora de Agua Residual en beneficio a 11 mil habitantes.<\/p>\n\n\n\n<p>La obra consisti\u00f3 en la sustituci\u00f3n de cinco mil 478 metros de tubo de polietileno de alta densidad corrugado, la rehabilitaci\u00f3n de 60 pozos de visita y el tramo totalmente encapsulado para evitar contaminaci\u00f3n.<\/p>\n\n\n\n<p>El director de la CEA dio a conocer que fue a trav\u00e9s del Programa de Agua Potable, Drenaje y Tratamiento de la Conagua, que logr\u00f3 rehabilitar el colector sanitario encapsulado que va por el R\u00edo Gallinas en el tramo que cruza la cabecera municipal.<\/p>\n\n\n\n<p>Esta obra impacta de manera positiva en la poblaci\u00f3n, y permite remediar la contaminaci\u00f3n por aguas residuales al ambiente, el subsuelo y las aguas subterr\u00e1neas, reafirmando el inter\u00e9s del Gobierno Estatal en el cuidado del entorno y de los recursos naturales a favor de las familias potosinas.<\/p>\n","protected":false},"excerpt":{"rendered":"<p>Esto contribuy\u00f3 a la puesta en operaci\u00f3n de la Planta Tratadora de Agua Residual en beneficio a 11 mil habitantes.<\/p>\n","protected":false},"author":4,"featured_media":31043,"comment_status":"closed","ping_status":"closed","sticky":false,"template":"","format":"standard","meta":{"_et_pb_use_builder":"off","_et_pb_old_content":"","_et_gb_content_width":"","footnotes":""},"categories":[280],"tags":[115,72,66],"class_list":["post-31042","post","type-post","status-publish","format-standard","has-post-thumbnail","hentry","category-gob-slp","tag-cea","tag-gobierno-del-estado","tag-san-luis-potosi"],"_links":{"self":[{"href":"https:\/\/gerardoduque.com.mx\/index.php?rest_route=\/wp\/v2\/posts\/31042","targetHints":{"allow":["GET"]}}],"collection":[{"href":"https:\/\/gerardoduque.com.mx\/index.php?rest_route=\/wp\/v2\/posts"}],"about":[{"href":"https:\/\/gerardoduque.com.mx\/index.php?rest_route=\/wp\/v2\/types\/post"}],"author":[{"embeddable":true,"href":"https:\/\/gerardoduque.com.mx\/index.php?rest_route=\/wp\/v2\/users\/4"}],"replies":[{"embeddable":true,"href":"https:\/\/gerardoduque.com.mx\/index.php?rest_route=%2Fwp%2Fv2%2Fcomments&post=31042"}],"version-history":[{"count":0,"href":"https:\/\/gerardoduque.com.mx\/index.php?rest_route=\/wp\/v2\/posts\/31042\/revisions"}],"wp:featuredmedia":[{"embeddable":true,"href":"https:\/\/gerardoduque.com.mx\/index.php?rest_route=\/wp\/v2\/media\/31043"}],"wp:attachment":[{"href":"https:\/\/gerardoduque.com.mx\/index.php?rest_route=%2Fwp%2Fv2%2Fmedia&parent=31042"}],"wp:term":[{"taxonomy":"category","embeddable":true,"href":"https:\/\/gerardoduque.com.mx\/index.php?rest_route=%2Fwp%2Fv2%2Fcategories&post=31042"},{"taxonomy":"post_tag","embeddable":true,"href":"https:\/\/gerardoduque.com.mx\/index.php?rest_route=%2Fwp%2Fv2%2Ftags&post=31042"}],"curies":[{"name":"wp","href":"https:\/\/api.w.org\/{rel}","templated":true}]}}