{"id":31039,"date":"2024-10-30T08:31:42","date_gmt":"2024-10-30T14:31:42","guid":{"rendered":"https:\/\/gerardoduque.com.mx\/?p=31039"},"modified":"2024-10-30T08:31:46","modified_gmt":"2024-10-30T14:31:46","slug":"anuncian-mas-ajustes-en-el-gabinete-estatal","status":"publish","type":"post","link":"https:\/\/gerardoduque.com.mx\/?p=31039","title":{"rendered":"ANUNCIAN M\u00c1S AJUSTES EN EL GABINETE ESTATAL"},"content":{"rendered":"\n<p>El Gobernador de San Luis Potos\u00ed, Ricardo Gallardo determin\u00f3 ajustes y enroques en el Sistema de Financiamiento para el Desarrollo del Estado, la Secretar\u00eda de Ecolog\u00eda y Gesti\u00f3n Ambiental, la Universidad Polit\u00e9cnica y la Secretar\u00eda del Trabajo y Previsi\u00f3n Social.<\/p>\n\n\n\n<p>Los ajustes ser\u00e1n en las dependencias: en Sifide se nombr\u00f3 al ex titular de Segam, Jovanny de Jes\u00fas Ram\u00f3n Cruz; en Segam se incorporar\u00e1 a Sonia Mendoza D\u00edaz; en la rector\u00eda de la Universidad Polit\u00e9cnica al ahora ex titular de la STPS, N\u00e9stor Garza \u00c1lvarez, mientras que la designaci\u00f3n del nuevo o nueva titular en la Secretar\u00eda del Trabajo, ser\u00e1 la pr\u00f3xima semana.<\/p>\n\n\n\n<p>Se dijo que estos cambios obedecen a una pol\u00edtica de eficiencia gubernamental en la que buscan optimizar el desempe\u00f1o de la administraci\u00f3n estatal, tal como lo instruy\u00f3 el Mandatario potosino, por lo que exhort\u00f3 a los nuevos titulares de Sifide, Segam y la Universidad Polit\u00e9cnica a desempe\u00f1arse con profesionalismo y compromiso para abonar al desarrollo y la transformaci\u00f3n de San Luis Potos\u00ed.<\/p>\n","protected":false},"excerpt":{"rendered":"<p>Secretar\u00eda General de Gobierno anunci\u00f3 que los cambios ser\u00e1n en Sifide, Segam y la Universidad Polit\u00e9cnica.<\/p>\n","protected":false},"author":4,"featured_media":31040,"comment_status":"closed","ping_status":"closed","sticky":false,"template":"","format":"standard","meta":{"_et_pb_use_builder":"off","_et_pb_old_content":"","_et_gb_content_width":"","footnotes":""},"categories":[280],"tags":[72,66,394],"class_list":["post-31039","post","type-post","status-publish","format-standard","has-post-thumbnail","hentry","category-gob-slp","tag-gobierno-del-estado","tag-san-luis-potosi","tag-sgg"],"_links":{"self":[{"href":"https:\/\/gerardoduque.com.mx\/index.php?rest_route=\/wp\/v2\/posts\/31039","targetHints":{"allow":["GET"]}}],"collection":[{"href":"https:\/\/gerardoduque.com.mx\/index.php?rest_route=\/wp\/v2\/posts"}],"about":[{"href":"https:\/\/gerardoduque.com.mx\/index.php?rest_route=\/wp\/v2\/types\/post"}],"author":[{"embeddable":true,"href":"https:\/\/gerardoduque.com.mx\/index.php?rest_route=\/wp\/v2\/users\/4"}],"replies":[{"embeddable":true,"href":"https:\/\/gerardoduque.com.mx\/index.php?rest_route=%2Fwp%2Fv2%2Fcomments&post=31039"}],"version-history":[{"count":0,"href":"https:\/\/gerardoduque.com.mx\/index.php?rest_route=\/wp\/v2\/posts\/31039\/revisions"}],"wp:featuredmedia":[{"embeddable":true,"href":"https:\/\/gerardoduque.com.mx\/index.php?rest_route=\/wp\/v2\/media\/31040"}],"wp:attachment":[{"href":"https:\/\/gerardoduque.com.mx\/index.php?rest_route=%2Fwp%2Fv2%2Fmedia&parent=31039"}],"wp:term":[{"taxonomy":"category","embeddable":true,"href":"https:\/\/gerardoduque.com.mx\/index.php?rest_route=%2Fwp%2Fv2%2Fcategories&post=31039"},{"taxonomy":"post_tag","embeddable":true,"href":"https:\/\/gerardoduque.com.mx\/index.php?rest_route=%2Fwp%2Fv2%2Ftags&post=31039"}],"curies":[{"name":"wp","href":"https:\/\/api.w.org\/{rel}","templated":true}]}}