{"id":31023,"date":"2024-10-29T07:12:25","date_gmt":"2024-10-29T13:12:25","guid":{"rendered":"https:\/\/gerardoduque.com.mx\/?p=31023"},"modified":"2024-10-29T07:12:29","modified_gmt":"2024-10-29T13:12:29","slug":"comienzan-preparativos-para-conmemorar-el-dia-internacional-de-la-discapacidad","status":"publish","type":"post","link":"https:\/\/gerardoduque.com.mx\/?p=31023","title":{"rendered":"COMIENZAN PREPARATIVOS PARA CONMEMORAR EL D\u00cdA INTERNACIONAL DE LA DISCAPACIDAD"},"content":{"rendered":"\n<p>Previo al D\u00eda Internacional de la Discapacidad el pr\u00f3ximo 3 de diciembre, el Sistema Estatal para el Desarrollo Integral de la Familia coordina con dependencias estatales acciones que consoliden una agenda para concientizar y visibilizar el tema y contribuir a mejorar el bienestar y calidad de vida de este sector de la poblaci\u00f3n.<\/p>\n\n\n\n<p>Previo a esta fecha tan importante, el DIF Estatal encabez\u00f3 una reuni\u00f3n con dependencias de la administraci\u00f3n estatal, donde establecieron la estrategia que busca fortalecer el apoyo a las personas con discapacidad mediante acciones y pol\u00edticas que propicien una mejor atenci\u00f3n y desarrollo de las personas con discapacidad.&nbsp;<\/p>\n\n\n\n<p>La conmemoraci\u00f3n de este D\u00eda Internacional env\u00eda un mensaje s\u00f3lido de apoyar el entorno inmediato de las personas con discapacidad. Con la suma de acciones, el DIF Estatal concientiza y visibiliza a los potosinos sobre la discapacidad, para ayudar a la inclusi\u00f3n de este sector, y mejorando su bienestar de manera significativa.<\/p>\n","protected":false},"excerpt":{"rendered":"<p>Se concientiza y visibiliza a los potosinos sobre la discapacidad, para ayudar a la inclusi\u00f3n de este sector.<\/p>\n","protected":false},"author":4,"featured_media":31024,"comment_status":"closed","ping_status":"closed","sticky":false,"template":"","format":"standard","meta":{"_et_pb_use_builder":"off","_et_pb_old_content":"","_et_gb_content_width":"","footnotes":""},"categories":[280],"tags":[180,72,66],"class_list":["post-31023","post","type-post","status-publish","format-standard","has-post-thumbnail","hentry","category-gob-slp","tag-dif-estatal","tag-gobierno-del-estado","tag-san-luis-potosi"],"_links":{"self":[{"href":"https:\/\/gerardoduque.com.mx\/index.php?rest_route=\/wp\/v2\/posts\/31023","targetHints":{"allow":["GET"]}}],"collection":[{"href":"https:\/\/gerardoduque.com.mx\/index.php?rest_route=\/wp\/v2\/posts"}],"about":[{"href":"https:\/\/gerardoduque.com.mx\/index.php?rest_route=\/wp\/v2\/types\/post"}],"author":[{"embeddable":true,"href":"https:\/\/gerardoduque.com.mx\/index.php?rest_route=\/wp\/v2\/users\/4"}],"replies":[{"embeddable":true,"href":"https:\/\/gerardoduque.com.mx\/index.php?rest_route=%2Fwp%2Fv2%2Fcomments&post=31023"}],"version-history":[{"count":0,"href":"https:\/\/gerardoduque.com.mx\/index.php?rest_route=\/wp\/v2\/posts\/31023\/revisions"}],"wp:featuredmedia":[{"embeddable":true,"href":"https:\/\/gerardoduque.com.mx\/index.php?rest_route=\/wp\/v2\/media\/31024"}],"wp:attachment":[{"href":"https:\/\/gerardoduque.com.mx\/index.php?rest_route=%2Fwp%2Fv2%2Fmedia&parent=31023"}],"wp:term":[{"taxonomy":"category","embeddable":true,"href":"https:\/\/gerardoduque.com.mx\/index.php?rest_route=%2Fwp%2Fv2%2Fcategories&post=31023"},{"taxonomy":"post_tag","embeddable":true,"href":"https:\/\/gerardoduque.com.mx\/index.php?rest_route=%2Fwp%2Fv2%2Ftags&post=31023"}],"curies":[{"name":"wp","href":"https:\/\/api.w.org\/{rel}","templated":true}]}}