{"id":31017,"date":"2024-10-29T07:05:07","date_gmt":"2024-10-29T13:05:07","guid":{"rendered":"https:\/\/gerardoduque.com.mx\/?p=31017"},"modified":"2024-10-29T07:05:12","modified_gmt":"2024-10-29T13:05:12","slug":"generan-acuerdos-con-productores-agropecuarios-en-materia-de-energia-y-seguridad","status":"publish","type":"post","link":"https:\/\/gerardoduque.com.mx\/?p=31017","title":{"rendered":"GENERAN ACUERDOS CON PRODUCTORES AGROPECUARIOS EN MATERIA DE ENERG\u00cdA Y SEGURIDAD"},"content":{"rendered":"\n<p>Las Secretar\u00edas General de Gobierno y de Desarrollo Agropecuario y Recursos Hidr\u00e1ulicos encabezaron un encuentro con representantes de asociaciones ganaderas y productores para atender sus solicitudes en capacitaci\u00f3n, prevenci\u00f3n y acuerdos con instancias federales para facilitar su labor.<\/p>\n\n\n\n<p>El secretario general de Gobierno, J. Guadalupe Torres S\u00e1nchez reafirm\u00f3 el apoyo del Estado a productores y ganaderos, ya que estas actividades representan el 30 por ciento del Producto Interno Bruto estatal, tras referir que dar\u00e1n seguimiento a los casos y servir\u00e1n de enlace con la Fiscal\u00eda General del Estado, que tambi\u00e9n particip\u00f3 en la reuni\u00f3n.<\/p>\n\n\n\n<p>Por intervenci\u00f3n del Estado, se acord\u00f3 con la Comisi\u00f3n Federal de Electricidad que no habr\u00e1 cortes de energ\u00eda hasta que no se regularicen los cargos anteriores en donde las tarifas se elevaron de forma excesiva, haciendo que algunos de ellos fueran impagables por los productores.<\/p>\n\n\n\n<p>En materia de seguridad, las dependencias estatales mantendr\u00e1n la presencia de cuerpos policiacos en todos los municipios con vigilancia en c\u00e9lulas de prevenci\u00f3n por tierra y aire, a fin de garantizar la tranquilidad de los productores y sus familias.<\/p>\n","protected":false},"excerpt":{"rendered":"<p>Se acord\u00f3 con la Comisi\u00f3n Federal de Electricidad que no habr\u00e1 cortes de energ\u00eda hasta que no se regularicen los cargos anteriores.<\/p>\n","protected":false},"author":4,"featured_media":31018,"comment_status":"closed","ping_status":"closed","sticky":false,"template":"","format":"standard","meta":{"_et_pb_use_builder":"off","_et_pb_old_content":"","_et_gb_content_width":"","footnotes":""},"categories":[280],"tags":[72,66,234,394],"class_list":["post-31017","post","type-post","status-publish","format-standard","has-post-thumbnail","hentry","category-gob-slp","tag-gobierno-del-estado","tag-san-luis-potosi","tag-sedarh","tag-sgg"],"_links":{"self":[{"href":"https:\/\/gerardoduque.com.mx\/index.php?rest_route=\/wp\/v2\/posts\/31017","targetHints":{"allow":["GET"]}}],"collection":[{"href":"https:\/\/gerardoduque.com.mx\/index.php?rest_route=\/wp\/v2\/posts"}],"about":[{"href":"https:\/\/gerardoduque.com.mx\/index.php?rest_route=\/wp\/v2\/types\/post"}],"author":[{"embeddable":true,"href":"https:\/\/gerardoduque.com.mx\/index.php?rest_route=\/wp\/v2\/users\/4"}],"replies":[{"embeddable":true,"href":"https:\/\/gerardoduque.com.mx\/index.php?rest_route=%2Fwp%2Fv2%2Fcomments&post=31017"}],"version-history":[{"count":0,"href":"https:\/\/gerardoduque.com.mx\/index.php?rest_route=\/wp\/v2\/posts\/31017\/revisions"}],"wp:featuredmedia":[{"embeddable":true,"href":"https:\/\/gerardoduque.com.mx\/index.php?rest_route=\/wp\/v2\/media\/31018"}],"wp:attachment":[{"href":"https:\/\/gerardoduque.com.mx\/index.php?rest_route=%2Fwp%2Fv2%2Fmedia&parent=31017"}],"wp:term":[{"taxonomy":"category","embeddable":true,"href":"https:\/\/gerardoduque.com.mx\/index.php?rest_route=%2Fwp%2Fv2%2Fcategories&post=31017"},{"taxonomy":"post_tag","embeddable":true,"href":"https:\/\/gerardoduque.com.mx\/index.php?rest_route=%2Fwp%2Fv2%2Ftags&post=31017"}],"curies":[{"name":"wp","href":"https:\/\/api.w.org\/{rel}","templated":true}]}}