{"id":31012,"date":"2024-10-29T06:53:14","date_gmt":"2024-10-29T12:53:14","guid":{"rendered":"https:\/\/gerardoduque.com.mx\/?p=31012"},"modified":"2024-10-29T06:53:18","modified_gmt":"2024-10-29T12:53:18","slug":"preparan-caravana-del-migrante-2024-en-diciembre-desde-texas","status":"publish","type":"post","link":"https:\/\/gerardoduque.com.mx\/?p=31012","title":{"rendered":"PREPARAN CARAVANA DEL MIGRANTE 2024 EN DICIEMBRE DESDE TEXAS"},"content":{"rendered":"\n<p>Con una expectativa de participaci\u00f3n de m\u00e1s de dos mil veh\u00edculos y en apoyo de hasta cinco mil connacionales de San Luis Potos\u00ed y entidades vecinas, el Instituto de Migraci\u00f3n y Enlace Internacional, realizar\u00e1 la Caravana del Migrante Potosino 2024 que iniciar\u00e1 el 17 de diciembre desde Brownsville, Texas, para ingresar a territorio mexicano el 18 del mismo mes conmemorando el D\u00eda Internacional del Migrante.<\/p>\n\n\n\n<p>En reuni\u00f3n celebrada en Villa de Pozos con autoridades federales, estatales, municipales, Organismos no Gubernamentales, consulares y presidentes municipales de la regi\u00f3n Centro, se destac\u00f3 que la estrategia acompa\u00f1a, atiende y protege a los connacionales que regresan a casa durante la temporada vacacional decembrina.<\/p>\n\n\n\n<p>Para 2024 se estima la participaci\u00f3n de m\u00e1s de dos mil veh\u00edculos hacia estados como Guanajuato, Quer\u00e9taro, Estado de M\u00e9xico, Hidalgo, Zacatecas y San Luis Potos\u00ed, en esta caravana que garantiza mayor seguridad en los traslados hacia sus lugares de origen desde Estado Unidos.<\/p>\n\n\n\n<p>La caravana ser\u00e1 resguardada por elementos de la Secretar\u00eda de la Defensa Nacional, Guardia Nacional, Instituto Nacional de Migraci\u00f3n, Fuerza Civil de Nuevo Le\u00f3n, Polic\u00eda Estatal de Tamaulipas y la Guardia Civil Estatal, adem\u00e1s del apoyo y atenci\u00f3n de los \u00c1ngeles Verdes de la Secretar\u00eda de Turismo.<\/p>\n","protected":false},"excerpt":{"rendered":"<p>Se estima la participaci\u00f3n de m\u00e1s de dos mil veh\u00edculos y de hasta cinco mil connacionales.<\/p>\n","protected":false},"author":4,"featured_media":23199,"comment_status":"closed","ping_status":"closed","sticky":false,"template":"","format":"standard","meta":{"_et_pb_use_builder":"off","_et_pb_old_content":"","_et_gb_content_width":"","footnotes":""},"categories":[280],"tags":[72,268,66],"class_list":["post-31012","post","type-post","status-publish","format-standard","has-post-thumbnail","hentry","category-gob-slp","tag-gobierno-del-estado","tag-imei","tag-san-luis-potosi"],"_links":{"self":[{"href":"https:\/\/gerardoduque.com.mx\/index.php?rest_route=\/wp\/v2\/posts\/31012","targetHints":{"allow":["GET"]}}],"collection":[{"href":"https:\/\/gerardoduque.com.mx\/index.php?rest_route=\/wp\/v2\/posts"}],"about":[{"href":"https:\/\/gerardoduque.com.mx\/index.php?rest_route=\/wp\/v2\/types\/post"}],"author":[{"embeddable":true,"href":"https:\/\/gerardoduque.com.mx\/index.php?rest_route=\/wp\/v2\/users\/4"}],"replies":[{"embeddable":true,"href":"https:\/\/gerardoduque.com.mx\/index.php?rest_route=%2Fwp%2Fv2%2Fcomments&post=31012"}],"version-history":[{"count":0,"href":"https:\/\/gerardoduque.com.mx\/index.php?rest_route=\/wp\/v2\/posts\/31012\/revisions"}],"wp:featuredmedia":[{"embeddable":true,"href":"https:\/\/gerardoduque.com.mx\/index.php?rest_route=\/wp\/v2\/media\/23199"}],"wp:attachment":[{"href":"https:\/\/gerardoduque.com.mx\/index.php?rest_route=%2Fwp%2Fv2%2Fmedia&parent=31012"}],"wp:term":[{"taxonomy":"category","embeddable":true,"href":"https:\/\/gerardoduque.com.mx\/index.php?rest_route=%2Fwp%2Fv2%2Fcategories&post=31012"},{"taxonomy":"post_tag","embeddable":true,"href":"https:\/\/gerardoduque.com.mx\/index.php?rest_route=%2Fwp%2Fv2%2Ftags&post=31012"}],"curies":[{"name":"wp","href":"https:\/\/api.w.org\/{rel}","templated":true}]}}