{"id":31006,"date":"2024-10-29T06:44:05","date_gmt":"2024-10-29T12:44:05","guid":{"rendered":"https:\/\/gerardoduque.com.mx\/?p=31006"},"modified":"2024-10-29T06:44:09","modified_gmt":"2024-10-29T12:44:09","slug":"slp-sera-sede-de-reuniones-nacionales-del-campo-para-el-2025","status":"publish","type":"post","link":"https:\/\/gerardoduque.com.mx\/?p=31006","title":{"rendered":"SLP SER\u00c1 SEDE DE REUNIONES NACIONALES DEL CAMPO PARA EL 2025"},"content":{"rendered":"\n<p>Tras participar en las \u00abReuniones nacionales de Investigaci\u00f3n e Innovaci\u00f3n Pecuaria, Agr\u00edcola, Forestal y Acu\u00edcola Pesquera\u00bb, en Aguascalientes, la Secretar\u00eda de Desarrollo Agropecuario y Recursos Hidr\u00e1ulicos y de Turismo recibi\u00f3 la estafeta para la edici\u00f3n 2025 del encuentro, donde expusieron productos elaborados con materia prima del campo.<\/p>\n\n\n\n<p>Los productores agropecuarios que participaron en la exposici\u00f3n de mezcales y ron potosinos, rompope, campechanas y los rebozos de seda de Santa Mar\u00eda del R\u00edo, fueron apreciados por m\u00e1s de dos mil 500 visitantes, investigadores, cient\u00edficos y estudiantes de universidades, inversionistas y productores.<\/p>\n\n\n\n<p>El grupo enviado present\u00f3 la calidad de productos con materia prima del campo potosino y dio difusi\u00f3n a la sede del pr\u00f3ximo evento de reuniones nacionales, del 22 al 25 de octubre del 2025, en el Centro Cultural Universitario Bicentenario, en San Luis capital, donde todos ser\u00e1n bienvenidos.<\/p>\n","protected":false},"excerpt":{"rendered":"<p>SLP particip\u00f3 en el evento nacional celebrado este a\u00f1o en Aguascalientes.<\/p>\n","protected":false},"author":4,"featured_media":31007,"comment_status":"closed","ping_status":"closed","sticky":false,"template":"","format":"standard","meta":{"_et_pb_use_builder":"off","_et_pb_old_content":"","_et_gb_content_width":"","footnotes":""},"categories":[280],"tags":[72,66,316,234],"class_list":["post-31006","post","type-post","status-publish","format-standard","has-post-thumbnail","hentry","category-gob-slp","tag-gobierno-del-estado","tag-san-luis-potosi","tag-sectur","tag-sedarh"],"_links":{"self":[{"href":"https:\/\/gerardoduque.com.mx\/index.php?rest_route=\/wp\/v2\/posts\/31006","targetHints":{"allow":["GET"]}}],"collection":[{"href":"https:\/\/gerardoduque.com.mx\/index.php?rest_route=\/wp\/v2\/posts"}],"about":[{"href":"https:\/\/gerardoduque.com.mx\/index.php?rest_route=\/wp\/v2\/types\/post"}],"author":[{"embeddable":true,"href":"https:\/\/gerardoduque.com.mx\/index.php?rest_route=\/wp\/v2\/users\/4"}],"replies":[{"embeddable":true,"href":"https:\/\/gerardoduque.com.mx\/index.php?rest_route=%2Fwp%2Fv2%2Fcomments&post=31006"}],"version-history":[{"count":0,"href":"https:\/\/gerardoduque.com.mx\/index.php?rest_route=\/wp\/v2\/posts\/31006\/revisions"}],"wp:featuredmedia":[{"embeddable":true,"href":"https:\/\/gerardoduque.com.mx\/index.php?rest_route=\/wp\/v2\/media\/31007"}],"wp:attachment":[{"href":"https:\/\/gerardoduque.com.mx\/index.php?rest_route=%2Fwp%2Fv2%2Fmedia&parent=31006"}],"wp:term":[{"taxonomy":"category","embeddable":true,"href":"https:\/\/gerardoduque.com.mx\/index.php?rest_route=%2Fwp%2Fv2%2Fcategories&post=31006"},{"taxonomy":"post_tag","embeddable":true,"href":"https:\/\/gerardoduque.com.mx\/index.php?rest_route=%2Fwp%2Fv2%2Ftags&post=31006"}],"curies":[{"name":"wp","href":"https:\/\/api.w.org\/{rel}","templated":true}]}}