{"id":31003,"date":"2024-10-29T06:39:54","date_gmt":"2024-10-29T12:39:54","guid":{"rendered":"https:\/\/gerardoduque.com.mx\/?p=31003"},"modified":"2024-10-29T06:39:59","modified_gmt":"2024-10-29T12:39:59","slug":"concluye-xantolo-en-tu-ciudad-2024","status":"publish","type":"post","link":"https:\/\/gerardoduque.com.mx\/?p=31003","title":{"rendered":"CONCLUYE XANTOLO EN TU CIUDAD 2024"},"content":{"rendered":"\n<p>Personas potosinas y visitantes de diferentes partes de M\u00e9xico y el mundo, estuvieron en las principales calles y avenidas, las plazas p\u00fablicas, museos y edificios representativos como el Teatro de La Paz, para celebrar Xantolo se vive en tu Ciudad 2024, que concluy\u00f3 exitosamente exhibiendo la cultura y las tradiciones potosinas.<\/p>\n\n\n\n<p>En la clausura de las actividades en el Teatro de La Paz, el titular de la Secretar\u00eda de Cultura indic\u00f3 que el objetivo de proyectar la tradici\u00f3n de la Huasteca a otras latitudes se cumpli\u00f3, tras resaltar que Xantolo no solo celebr\u00f3 la cultura, sino que fue un abrazo colectivo, un recordatorio de que juntos, como comunidad, mantenemos vivas las tradiciones.&nbsp;<\/p>\n\n\n\n<p>En medio de la m\u00fasica, animaci\u00f3n cultural, presentaciones esc\u00e9nicas y m\u00e1s, concluyeron tres d\u00edas intensa actividad en torno a Xantolo en plaza de Los Fundadores, plaza del Carmen, Jard\u00edn de San Francisco, Teatro de la Paz y diferentes recintos culturales y museos.<\/p>\n\n\n\n<p>El domingo 27 de octubre, la plaza de los Fundadores recibi\u00f3 a Las Gardenias, Gaba Rivera, el tr\u00edo Guanaxteco y la comparsa de Tancanhuitz los Aut\u00e9nticos de Xochimilco; en el Jard\u00edn de San Francisco el grupo Tembeleque Teatro interactu\u00f3 con el p\u00fablico durante su presentaci\u00f3n art\u00edstica; mientras el Teatro de la Paz realiz\u00f3 la extraordinaria puesta en escena La mujer y la muerte en M\u00e9xico por estudiantes de las Escuelas Estatales de Arte del Sistema Educativo Estatal Regular.<\/p>\n","protected":false},"excerpt":{"rendered":"<p>Potosinos y visitantes llenaron las plazas p\u00fablicas, los museos de la ciudad y el Teatro de La Paz.<\/p>\n","protected":false},"author":4,"featured_media":31004,"comment_status":"closed","ping_status":"closed","sticky":false,"template":"","format":"standard","meta":{"_et_pb_use_builder":"off","_et_pb_old_content":"","_et_gb_content_width":"","footnotes":""},"categories":[280],"tags":[72,66,200],"class_list":["post-31003","post","type-post","status-publish","format-standard","has-post-thumbnail","hentry","category-gob-slp","tag-gobierno-del-estado","tag-san-luis-potosi","tag-secult"],"_links":{"self":[{"href":"https:\/\/gerardoduque.com.mx\/index.php?rest_route=\/wp\/v2\/posts\/31003","targetHints":{"allow":["GET"]}}],"collection":[{"href":"https:\/\/gerardoduque.com.mx\/index.php?rest_route=\/wp\/v2\/posts"}],"about":[{"href":"https:\/\/gerardoduque.com.mx\/index.php?rest_route=\/wp\/v2\/types\/post"}],"author":[{"embeddable":true,"href":"https:\/\/gerardoduque.com.mx\/index.php?rest_route=\/wp\/v2\/users\/4"}],"replies":[{"embeddable":true,"href":"https:\/\/gerardoduque.com.mx\/index.php?rest_route=%2Fwp%2Fv2%2Fcomments&post=31003"}],"version-history":[{"count":0,"href":"https:\/\/gerardoduque.com.mx\/index.php?rest_route=\/wp\/v2\/posts\/31003\/revisions"}],"wp:featuredmedia":[{"embeddable":true,"href":"https:\/\/gerardoduque.com.mx\/index.php?rest_route=\/wp\/v2\/media\/31004"}],"wp:attachment":[{"href":"https:\/\/gerardoduque.com.mx\/index.php?rest_route=%2Fwp%2Fv2%2Fmedia&parent=31003"}],"wp:term":[{"taxonomy":"category","embeddable":true,"href":"https:\/\/gerardoduque.com.mx\/index.php?rest_route=%2Fwp%2Fv2%2Fcategories&post=31003"},{"taxonomy":"post_tag","embeddable":true,"href":"https:\/\/gerardoduque.com.mx\/index.php?rest_route=%2Fwp%2Fv2%2Ftags&post=31003"}],"curies":[{"name":"wp","href":"https:\/\/api.w.org\/{rel}","templated":true}]}}