{"id":31000,"date":"2024-10-28T13:58:28","date_gmt":"2024-10-28T19:58:28","guid":{"rendered":"https:\/\/gerardoduque.com.mx\/?p=31000"},"modified":"2024-10-28T13:58:32","modified_gmt":"2024-10-28T19:58:32","slug":"toman-acciones-para-impulsar-la-proyeccion-de-real-de-catorce","status":"publish","type":"post","link":"https:\/\/gerardoduque.com.mx\/?p=31000","title":{"rendered":"TOMAN ACCIONES PARA IMPULSAR LA PROYECCI\u00d3N DE REAL DE CATORCE\u00a0"},"content":{"rendered":"\n<p>La Secretar\u00eda de Turismo de la mano con el ayuntamiento de Catorce organiz\u00f3 una capacitaci\u00f3n en el Centro Cultural \u201cCasa de la Moneda\u201d enfocada en los prestadores de servicios de este emblem\u00e1tico Pueblo M\u00e1gico ubicado en el Altiplano, para mejorar la atenci\u00f3n que se brinda a los visitantes.<\/p>\n\n\n\n<p>Durante esta jornada, los participantes recibieron capacitaci\u00f3n en atenci\u00f3n al cliente, promoci\u00f3n cultural y sostenibilidad con el fin de fortalecer la oferta tur\u00edstica y preservar el encanto hist\u00f3rico que posee Real de Catorce el cual le ha valido el reconocimiento a nivel mundial y el ser escenario de m\u00faltiples producciones de Hollywood.<\/p>\n\n\n\n<p>La Sectur trabaja en la constante capacitaci\u00f3n para mejorar el servicio, lo cual es un compromiso que tienen las autoridades y el sector privado por promover un turismo responsable y de alta calidad que mejore la experiencia de miles de visitantes.<\/p>\n","protected":false},"excerpt":{"rendered":"<p>Se busca mejorar la atenci\u00f3n que se brinda a los visitantes.<\/p>\n","protected":false},"author":4,"featured_media":30709,"comment_status":"closed","ping_status":"closed","sticky":false,"template":"","format":"standard","meta":{"_et_pb_use_builder":"off","_et_pb_old_content":"","_et_gb_content_width":"","footnotes":""},"categories":[280],"tags":[72,66,316],"class_list":["post-31000","post","type-post","status-publish","format-standard","has-post-thumbnail","hentry","category-gob-slp","tag-gobierno-del-estado","tag-san-luis-potosi","tag-sectur"],"_links":{"self":[{"href":"https:\/\/gerardoduque.com.mx\/index.php?rest_route=\/wp\/v2\/posts\/31000","targetHints":{"allow":["GET"]}}],"collection":[{"href":"https:\/\/gerardoduque.com.mx\/index.php?rest_route=\/wp\/v2\/posts"}],"about":[{"href":"https:\/\/gerardoduque.com.mx\/index.php?rest_route=\/wp\/v2\/types\/post"}],"author":[{"embeddable":true,"href":"https:\/\/gerardoduque.com.mx\/index.php?rest_route=\/wp\/v2\/users\/4"}],"replies":[{"embeddable":true,"href":"https:\/\/gerardoduque.com.mx\/index.php?rest_route=%2Fwp%2Fv2%2Fcomments&post=31000"}],"version-history":[{"count":0,"href":"https:\/\/gerardoduque.com.mx\/index.php?rest_route=\/wp\/v2\/posts\/31000\/revisions"}],"wp:featuredmedia":[{"embeddable":true,"href":"https:\/\/gerardoduque.com.mx\/index.php?rest_route=\/wp\/v2\/media\/30709"}],"wp:attachment":[{"href":"https:\/\/gerardoduque.com.mx\/index.php?rest_route=%2Fwp%2Fv2%2Fmedia&parent=31000"}],"wp:term":[{"taxonomy":"category","embeddable":true,"href":"https:\/\/gerardoduque.com.mx\/index.php?rest_route=%2Fwp%2Fv2%2Fcategories&post=31000"},{"taxonomy":"post_tag","embeddable":true,"href":"https:\/\/gerardoduque.com.mx\/index.php?rest_route=%2Fwp%2Fv2%2Ftags&post=31000"}],"curies":[{"name":"wp","href":"https:\/\/api.w.org\/{rel}","templated":true}]}}