{"id":30997,"date":"2024-10-28T13:54:32","date_gmt":"2024-10-28T19:54:32","guid":{"rendered":"https:\/\/gerardoduque.com.mx\/?p=30997"},"modified":"2024-10-28T13:54:36","modified_gmt":"2024-10-28T19:54:36","slug":"promueven-erradicacion-de-la-violencia-de-genero-en-escuelas","status":"publish","type":"post","link":"https:\/\/gerardoduque.com.mx\/?p=30997","title":{"rendered":"PROMUEVEN ERRADICACI\u00d3N DE LA VIOLENCIA DE G\u00c9NERO EN ESCUELAS"},"content":{"rendered":"\n<p>El Secretariado Ejecutivo del Consejo Estatal de Seguridad P\u00fablica en coordinaci\u00f3n con la Comisi\u00f3n Nacional para Prevenir y Erradicar la Violencia contra las Mujeres implementar\u00e1 dos proyectos que tienen como finalidad educar a las nuevas generaciones potosinas, espec\u00edficamente los adolescentes, en temas de violencia de g\u00e9nero.<\/p>\n\n\n\n<p>Estas acciones permiten ampliar y fortalecer a las instituciones para que brinden una atenci\u00f3n eficiente en la erradicaci\u00f3n de la violencia, lo que se traduce a m\u00e1s apoyo en protecci\u00f3n a las potosinas.<\/p>\n\n\n\n<p>El objetivo de este proyecto es la b\u00fasqueda de la sensibilidad en las y los j\u00f3venes sobre su contexto para que puedan ser capaces de identificar posibles situaciones de violencia a las que se encuentren expuestos y evitar que ejerzan violencia. Como adicional se capacita al personal docente y directivo para dar inicio al proceso de atenci\u00f3n de la violencia por medio de un protocolo de actuaci\u00f3n.<\/p>\n","protected":false},"excerpt":{"rendered":"<p>Se realizar\u00e1n dos proyectos en 12 escuelas que impactar\u00e1n a siete mil estudiantes.<\/p>\n","protected":false},"author":4,"featured_media":30998,"comment_status":"closed","ping_status":"closed","sticky":false,"template":"","format":"standard","meta":{"_et_pb_use_builder":"off","_et_pb_old_content":"","_et_gb_content_width":"","footnotes":""},"categories":[280],"tags":[72,66,344],"class_list":["post-30997","post","type-post","status-publish","format-standard","has-post-thumbnail","hentry","category-gob-slp","tag-gobierno-del-estado","tag-san-luis-potosi","tag-secesp"],"_links":{"self":[{"href":"https:\/\/gerardoduque.com.mx\/index.php?rest_route=\/wp\/v2\/posts\/30997","targetHints":{"allow":["GET"]}}],"collection":[{"href":"https:\/\/gerardoduque.com.mx\/index.php?rest_route=\/wp\/v2\/posts"}],"about":[{"href":"https:\/\/gerardoduque.com.mx\/index.php?rest_route=\/wp\/v2\/types\/post"}],"author":[{"embeddable":true,"href":"https:\/\/gerardoduque.com.mx\/index.php?rest_route=\/wp\/v2\/users\/4"}],"replies":[{"embeddable":true,"href":"https:\/\/gerardoduque.com.mx\/index.php?rest_route=%2Fwp%2Fv2%2Fcomments&post=30997"}],"version-history":[{"count":0,"href":"https:\/\/gerardoduque.com.mx\/index.php?rest_route=\/wp\/v2\/posts\/30997\/revisions"}],"wp:featuredmedia":[{"embeddable":true,"href":"https:\/\/gerardoduque.com.mx\/index.php?rest_route=\/wp\/v2\/media\/30998"}],"wp:attachment":[{"href":"https:\/\/gerardoduque.com.mx\/index.php?rest_route=%2Fwp%2Fv2%2Fmedia&parent=30997"}],"wp:term":[{"taxonomy":"category","embeddable":true,"href":"https:\/\/gerardoduque.com.mx\/index.php?rest_route=%2Fwp%2Fv2%2Fcategories&post=30997"},{"taxonomy":"post_tag","embeddable":true,"href":"https:\/\/gerardoduque.com.mx\/index.php?rest_route=%2Fwp%2Fv2%2Ftags&post=30997"}],"curies":[{"name":"wp","href":"https:\/\/api.w.org\/{rel}","templated":true}]}}