{"id":30961,"date":"2024-10-27T09:46:43","date_gmt":"2024-10-27T15:46:43","guid":{"rendered":"https:\/\/gerardoduque.com.mx\/?p=30961"},"modified":"2024-10-27T09:46:46","modified_gmt":"2024-10-27T15:46:46","slug":"inicia-festival-xantolo-en-tu-ciudad-2024","status":"publish","type":"post","link":"https:\/\/gerardoduque.com.mx\/?p=30961","title":{"rendered":"INICIA FESTIVAL \u201cXANTOLO EN TU CIUDAD 2024\u201d"},"content":{"rendered":"\n<p>Atra\u00eddos por el misticismo, la m\u00fasica, los colores y el aroma de Xantolo, la m\u00e1xima festividad de la Huasteca potosina, visitantes locales, nacionales y extranjeros llenaron las plazas del centro hist\u00f3rico en el arranque de actividades del programa cultural Xantolo se vive en tu Ciudad.<\/p>\n\n\n\n<p>Al iniciar el ritual de apertura, el titular de la Secretar\u00eda de Cultura dijo que para preservar y rescatar las tradiciones y costumbres que dan identidad a los potosinos, el Xantolo despeg\u00f3 a otras latitudes del mundo, pues, este a\u00f1o lleg\u00f3 a Chicago, adem\u00e1s de que el desfile monumental de este s\u00e1bado ser\u00e1 televisado en Colombia, Estados Unidos y Canad\u00e1.<\/p>\n\n\n\n<p>En plaza de Armas, en un altar tradicional de Xantolo m\u00e9dicos tradicionales realizaron el ritual de apertura. En plaza de Los Fundadores, fueron instaladas letras monumentales que fueron aprovechadas por los visitantes para tomarse fotograf\u00edas; aqu\u00ed mismo se instal\u00f3 un escenario con gradas para que los espectadores disfrutar\u00e1n de manera c\u00f3moda la presentaci\u00f3n de comparsas tradicionales de los diferentes municipios de la Huasteca, del tr\u00edo Halc\u00f3n en Vuelo y la presentaci\u00f3n estelar de Dr. Chessanni y sus Huapangueros.<\/p>\n\n\n\n<p>Nuevamente en plaza de Armas, miles de espectadores quedaron maravillados con los sonidos y bellezas naturales de la Huasteca, proyectados en la fachada de la Catedral Metropolitana como parte de la Ofrenda de Luz lograda a trav\u00e9s de mapping.<\/p>\n\n\n\n<p>Mientras que en plaza del Carmen se realiz\u00f3 la apertura de altares de muertos y actividades de animaci\u00f3n cultural realizados por alumnos de instituciones de la Secretar\u00eda de Educaci\u00f3n de Gobierno del Estado y de nivel medio superior del Sistema Educativo Estatal Regular.<\/p>\n\n\n\n<p>Este s\u00e1bado pasado se llev\u00f3 a cabo el Desfile Monumental de Xantolo desde el parque de Morales hasta el centro hist\u00f3rico a partir de las 16:00 horas adem\u00e1s del programa cultural en las diferentes plazas p\u00fablicas que puede consultarse en la p\u00e1gina de Facebook de la Secretar\u00eda de Cultura de San Luis Potos\u00ed https:\/\/www.facebook.com\/seculturaslp?mibextid=LQQJ4d.<\/p>\n","protected":false},"excerpt":{"rendered":"<p>Visitantes disfrutaron de esta celebraci\u00f3n que re\u00fane lo mejor de la tradici\u00f3n de la Huasteca potosina.<\/p>\n","protected":false},"author":4,"featured_media":30962,"comment_status":"closed","ping_status":"closed","sticky":false,"template":"","format":"standard","meta":{"_et_pb_use_builder":"off","_et_pb_old_content":"","_et_gb_content_width":"","footnotes":""},"categories":[280],"tags":[72,66,200],"class_list":["post-30961","post","type-post","status-publish","format-standard","has-post-thumbnail","hentry","category-gob-slp","tag-gobierno-del-estado","tag-san-luis-potosi","tag-secult"],"_links":{"self":[{"href":"https:\/\/gerardoduque.com.mx\/index.php?rest_route=\/wp\/v2\/posts\/30961","targetHints":{"allow":["GET"]}}],"collection":[{"href":"https:\/\/gerardoduque.com.mx\/index.php?rest_route=\/wp\/v2\/posts"}],"about":[{"href":"https:\/\/gerardoduque.com.mx\/index.php?rest_route=\/wp\/v2\/types\/post"}],"author":[{"embeddable":true,"href":"https:\/\/gerardoduque.com.mx\/index.php?rest_route=\/wp\/v2\/users\/4"}],"replies":[{"embeddable":true,"href":"https:\/\/gerardoduque.com.mx\/index.php?rest_route=%2Fwp%2Fv2%2Fcomments&post=30961"}],"version-history":[{"count":0,"href":"https:\/\/gerardoduque.com.mx\/index.php?rest_route=\/wp\/v2\/posts\/30961\/revisions"}],"wp:featuredmedia":[{"embeddable":true,"href":"https:\/\/gerardoduque.com.mx\/index.php?rest_route=\/wp\/v2\/media\/30962"}],"wp:attachment":[{"href":"https:\/\/gerardoduque.com.mx\/index.php?rest_route=%2Fwp%2Fv2%2Fmedia&parent=30961"}],"wp:term":[{"taxonomy":"category","embeddable":true,"href":"https:\/\/gerardoduque.com.mx\/index.php?rest_route=%2Fwp%2Fv2%2Fcategories&post=30961"},{"taxonomy":"post_tag","embeddable":true,"href":"https:\/\/gerardoduque.com.mx\/index.php?rest_route=%2Fwp%2Fv2%2Ftags&post=30961"}],"curies":[{"name":"wp","href":"https:\/\/api.w.org\/{rel}","templated":true}]}}