{"id":30943,"date":"2024-10-26T10:20:17","date_gmt":"2024-10-26T16:20:17","guid":{"rendered":"https:\/\/gerardoduque.com.mx\/?p=30943"},"modified":"2024-10-26T10:20:21","modified_gmt":"2024-10-26T16:20:21","slug":"continuan-las-capacitaciones-en-perspectiva-de-genero","status":"publish","type":"post","link":"https:\/\/gerardoduque.com.mx\/?p=30943","title":{"rendered":"CONTIN\u00daAN LAS CAPACITACIONES EN PERSPECTIVA DE G\u00c9NERO"},"content":{"rendered":"\n<p>La Oficial\u00eda Mayor del Ejecutivo fortalece la capacitaci\u00f3n a los trabajadores estatales, con lo que avanza en las pol\u00edticas de cero tolerancia a la violencia contra las mujeres, adolescentes y ni\u00f1as y promueve la transversalizaci\u00f3n de la perspectiva de g\u00e9nero en el Gobierno del Estado.<\/p>\n\n\n\n<p>De acuerdo con la dependencia, la administraci\u00f3n estatal cuenta con una calendarizaci\u00f3n para impartir cursos y talleres de actualizaci\u00f3n a los funcionarios de las dependencias, para saber actuar, prevenir y erradicar la violencia contra las mujeres.<\/p>\n\n\n\n<p>En octubre, el personal de la Direcci\u00f3n de Pensiones recibi\u00f3 la capacitaci\u00f3n \u201cAnatom\u00edas de las violencias de g\u00e9nero\u00bb; mientras que en el Tribunal Estatal de Justicia Administrativa fue impartido el curso \u201cAtenci\u00f3n psicoemocional a mujeres v\u00edctimas de violencia\u00bb, para brindar recursos y metodolog\u00edas b\u00e1sicas de atenci\u00f3n; mientras que en la Comisi\u00f3n Estatal para la Protecci\u00f3n contra Riesgos Sanitarios, m\u00e1s de 80 personas recibieron capacitaci\u00f3n en materia jur\u00eddica sobre acoso y hostigamiento sexual.<\/p>\n\n\n\n<p>Adem\u00e1s, se promueve los espacios de trabajo sanos con capacitaciones como: \u00abHigiene mental, salud laboral\u00bb, que tuvo una gran respuesta ante el equipo de trabajo de la Secretar\u00eda del Trabajo y Previsi\u00f3n Social (STPS); y el taller \u00abAdministraci\u00f3n de proyectos\u00bb impartido en el Hospital General de Ciudad Valles, a fin de analizar y practicar habilidades que mejoren los servicios y resultados.<\/p>\n","protected":false},"excerpt":{"rendered":"<p>Trabajadores estatales reciben formaci\u00f3n para prevenir y erradicar la violencia contra las mujeres en las cuatro regiones.<\/p>\n","protected":false},"author":4,"featured_media":30944,"comment_status":"closed","ping_status":"closed","sticky":false,"template":"","format":"standard","meta":{"_et_pb_use_builder":"off","_et_pb_old_content":"","_et_gb_content_width":"","footnotes":""},"categories":[280],"tags":[72,289,66],"class_list":["post-30943","post","type-post","status-publish","format-standard","has-post-thumbnail","hentry","category-gob-slp","tag-gobierno-del-estado","tag-oficialia-mayor","tag-san-luis-potosi"],"_links":{"self":[{"href":"https:\/\/gerardoduque.com.mx\/index.php?rest_route=\/wp\/v2\/posts\/30943","targetHints":{"allow":["GET"]}}],"collection":[{"href":"https:\/\/gerardoduque.com.mx\/index.php?rest_route=\/wp\/v2\/posts"}],"about":[{"href":"https:\/\/gerardoduque.com.mx\/index.php?rest_route=\/wp\/v2\/types\/post"}],"author":[{"embeddable":true,"href":"https:\/\/gerardoduque.com.mx\/index.php?rest_route=\/wp\/v2\/users\/4"}],"replies":[{"embeddable":true,"href":"https:\/\/gerardoduque.com.mx\/index.php?rest_route=%2Fwp%2Fv2%2Fcomments&post=30943"}],"version-history":[{"count":0,"href":"https:\/\/gerardoduque.com.mx\/index.php?rest_route=\/wp\/v2\/posts\/30943\/revisions"}],"wp:featuredmedia":[{"embeddable":true,"href":"https:\/\/gerardoduque.com.mx\/index.php?rest_route=\/wp\/v2\/media\/30944"}],"wp:attachment":[{"href":"https:\/\/gerardoduque.com.mx\/index.php?rest_route=%2Fwp%2Fv2%2Fmedia&parent=30943"}],"wp:term":[{"taxonomy":"category","embeddable":true,"href":"https:\/\/gerardoduque.com.mx\/index.php?rest_route=%2Fwp%2Fv2%2Fcategories&post=30943"},{"taxonomy":"post_tag","embeddable":true,"href":"https:\/\/gerardoduque.com.mx\/index.php?rest_route=%2Fwp%2Fv2%2Ftags&post=30943"}],"curies":[{"name":"wp","href":"https:\/\/api.w.org\/{rel}","templated":true}]}}