{"id":30940,"date":"2024-10-26T10:16:35","date_gmt":"2024-10-26T16:16:35","guid":{"rendered":"https:\/\/gerardoduque.com.mx\/?p=30940"},"modified":"2024-10-26T10:16:39","modified_gmt":"2024-10-26T16:16:39","slug":"inauguran-sala-de-capacitacion-para-la-formacion-en-cuidado-gerontologico","status":"publish","type":"post","link":"https:\/\/gerardoduque.com.mx\/?p=30940","title":{"rendered":"INAUGURAN SALA DE CAPACITACI\u00d3N PARA LA FORMACI\u00d3N EN CUIDADO GERONTOL\u00d3GICO"},"content":{"rendered":"\n<p>El Sistema Estatal para el Desarrollo Integral de la Familia inaugur\u00f3 la Sala de Ense\u00f1anza y Capacitaci\u00f3n en el Instituto Geri\u00e1trico \u201cDr. Nicol\u00e1s Aguilar\u201d, con la finalidad de sumar a la profesionalizaci\u00f3n de los estudiantes en \u00e1reas de la salud en el Estado.<\/p>\n\n\n\n<p>Mediante un convenio de colaboraci\u00f3n entre DIF Estatal, el Instituto Nicol\u00e1s Aguilar y diversas universidades de la zona metropolitana, se inaugur\u00f3 el espacio y establecieron los criterios de colaboraci\u00f3n.<\/p>\n\n\n\n<p>La atenci\u00f3n y cuidado de la poblaci\u00f3n adulta mayor, impulsa el compromiso de contar con herramientas necesarias que permitan a las nuevas generaciones de profesionistas, atender de manera integral y personalizada las necesidades f\u00edsicas, emocionales y sociales de los adultos mayores.<\/p>\n\n\n\n<p>La formaci\u00f3n contribuir\u00e1 al bienestar de las personas adultas mayores, y fortalecer\u00e1 a la sociedad, fomentando una cultura del cuidado intergeneracional, y agreg\u00f3 que, gracias a la colaboraci\u00f3n con diversas instituciones educativas, las y los estudiantes tendr\u00e1n acceso a una ense\u00f1anza de calidad, fundamentada en el respeto, la empat\u00eda y el conocimiento cient\u00edfico.<\/p>\n","protected":false},"excerpt":{"rendered":"<p>Se inaugur\u00f3 la Sala de Ense\u00f1anza y Capacitaci\u00f3n en el Instituto Geri\u00e1trico \u201cDr. Nicol\u00e1s Aguilar\u201d, con la finalidad de sumar a la profesionalizaci\u00f3n de los estudiantes en \u00e1reas de la salud en el Estado.<\/p>\n","protected":false},"author":4,"featured_media":30941,"comment_status":"closed","ping_status":"closed","sticky":false,"template":"","format":"standard","meta":{"_et_pb_use_builder":"off","_et_pb_old_content":"","_et_gb_content_width":"","footnotes":""},"categories":[280],"tags":[180,72,66],"class_list":["post-30940","post","type-post","status-publish","format-standard","has-post-thumbnail","hentry","category-gob-slp","tag-dif-estatal","tag-gobierno-del-estado","tag-san-luis-potosi"],"_links":{"self":[{"href":"https:\/\/gerardoduque.com.mx\/index.php?rest_route=\/wp\/v2\/posts\/30940","targetHints":{"allow":["GET"]}}],"collection":[{"href":"https:\/\/gerardoduque.com.mx\/index.php?rest_route=\/wp\/v2\/posts"}],"about":[{"href":"https:\/\/gerardoduque.com.mx\/index.php?rest_route=\/wp\/v2\/types\/post"}],"author":[{"embeddable":true,"href":"https:\/\/gerardoduque.com.mx\/index.php?rest_route=\/wp\/v2\/users\/4"}],"replies":[{"embeddable":true,"href":"https:\/\/gerardoduque.com.mx\/index.php?rest_route=%2Fwp%2Fv2%2Fcomments&post=30940"}],"version-history":[{"count":0,"href":"https:\/\/gerardoduque.com.mx\/index.php?rest_route=\/wp\/v2\/posts\/30940\/revisions"}],"wp:featuredmedia":[{"embeddable":true,"href":"https:\/\/gerardoduque.com.mx\/index.php?rest_route=\/wp\/v2\/media\/30941"}],"wp:attachment":[{"href":"https:\/\/gerardoduque.com.mx\/index.php?rest_route=%2Fwp%2Fv2%2Fmedia&parent=30940"}],"wp:term":[{"taxonomy":"category","embeddable":true,"href":"https:\/\/gerardoduque.com.mx\/index.php?rest_route=%2Fwp%2Fv2%2Fcategories&post=30940"},{"taxonomy":"post_tag","embeddable":true,"href":"https:\/\/gerardoduque.com.mx\/index.php?rest_route=%2Fwp%2Fv2%2Ftags&post=30940"}],"curies":[{"name":"wp","href":"https:\/\/api.w.org\/{rel}","templated":true}]}}